{"id":100006569,"date":"2024-08-12T11:38:57","date_gmt":"2024-08-12T17:38:57","guid":{"rendered":"https:\/\/audioclinic.com\/?p=100006569"},"modified":"2024-08-12T11:38:58","modified_gmt":"2024-08-12T17:38:58","slug":"consecuencias-de-no-tratar-una-perdida-auditiva","status":"publish","type":"post","link":"https:\/\/starserver2.com\/audioclinic\/consecuencias-de-no-tratar-una-perdida-auditiva\/","title":{"rendered":"Consecuencias de No Tratar una P\u00e9rdida Auditiva"},"content":{"rendered":"\n<p>La audici\u00f3n es un proceso complejo que involucra no solo a nuestros o\u00eddos, sino tambi\u00e9n a nuestro cerebro, donde realmente se perciben y procesan los sonidos. Cuando existe una p\u00e9rdida auditiva sin tratar, las consecuencias van m\u00e1s all\u00e1 de la simple dificultad para o\u00edr. Este tipo de condici\u00f3n puede desencadenar una serie de problemas que impactan gravemente la calidad de vida de las personas afectadas.<\/p>\n\n\n\n<p><strong>Mayor Carga Mental<\/strong><\/p>\n\n\n\n<p>Uno de los efectos m\u00e1s inmediatos de una p\u00e9rdida auditiva no tratada es el aumento de la carga mental. Las personas con p\u00e9rdida auditiva se ven obligadas a suponer lo que otros dicen o lo que sucede a su alrededor, lo que exige un esfuerzo considerable por parte del cerebro. Este esfuerzo adicional deja menos capacidad para recordar y actuar, lo que puede provocar fatiga mental y disminuir la capacidad cognitiva general.<\/p>\n\n\n\n<p><strong>Aislamiento Social y Depresi\u00f3n<\/strong><\/p>\n\n\n\n<p>A medida que la p\u00e9rdida auditiva empeora, la interacci\u00f3n social se vuelve m\u00e1s dif\u00edcil. Las personas pueden empezar a evitar situaciones como reuniones familiares o salidas con amigos porque los entornos con mucho ruido se vuelven abrumadores. Este aislamiento social autoimpuesto puede conducir a la soledad, aumentando el riesgo de depresi\u00f3n. La falta de comunicaci\u00f3n efectiva y la sensaci\u00f3n de estar desconectado del mundo contribuyen a este ciclo negativo.<\/p>\n\n\n\n<p><strong>Equilibrio Deficiente y Riesgo de Ca\u00eddas<\/strong><\/p>\n\n\n\n<p>El o\u00eddo interno, adem\u00e1s de ser crucial para la audici\u00f3n, desempe\u00f1a un papel vital en el equilibrio. Las personas con p\u00e9rdida auditiva son m\u00e1s propensas a sufrir problemas de equilibrio, lo que incrementa el riesgo de ca\u00eddas y lesiones graves. De hecho, estudios han demostrado que una persona con p\u00e9rdida auditiva tiene hasta tres veces m\u00e1s probabilidades de sufrir lesiones relacionadas con ca\u00eddas.<\/p>\n\n\n\n<p><strong>Demencia y Alzheimer<\/strong><\/p>\n\n\n\n<p>El v\u00ednculo entre la p\u00e9rdida auditiva y el deterioro cognitivo es uno de los m\u00e1s preocupantes. Las investigaciones indican que el riesgo de demencia y Alzheimer aumenta significativamente en personas con p\u00e9rdida auditiva. Este riesgo es cinco veces mayor en quienes tienen p\u00e9rdida auditiva severa a profunda, tres veces mayor en casos de p\u00e9rdida auditiva moderada, y dos veces mayor en aquellos con p\u00e9rdida auditiva leve. La raz\u00f3n detr\u00e1s de esto es que cuando el cerebro no recibe suficiente est\u00edmulo auditivo, otras \u00e1reas del cerebro pueden empezar a deteriorarse, acelerando el proceso de demencia.<\/p>\n\n\n\n<p><strong>Dificultades en la Comunicaci\u00f3n<\/strong><\/p>\n\n\n\n<p>Uno de los problemas m\u00e1s comunes y evidentes es la dificultad para seguir conversaciones. En situaciones como reuniones familiares o en ambientes ruidosos, las personas con p\u00e9rdida auditiva luchan por captar toda la informaci\u00f3n sonora, lo que puede hacer que estas interacciones se vuelvan frustrantes y agotadoras. Esto no solo afecta a la persona con p\u00e9rdida auditiva, sino tambi\u00e9n a sus familiares y amigos, quienes pueden sentirse igualmente frustrados por la falta de comunicaci\u00f3n efectiva.<\/p>\n\n\n\n<p>El Esfuerzo Adicional para Escuchar<\/p>\n\n\n\n<p>El cerebro tiene que trabajar m\u00e1s para interpretar los sonidos cuando la audici\u00f3n es deficiente. Esta necesidad de \u201crellenar los huecos\u201d en la informaci\u00f3n sonora hace que la escucha sea un proceso mucho m\u00e1s agotador, lo que a su vez reduce la capacidad del cerebro para manejar otras tareas cognitivas. Con el tiempo, este esfuerzo constante puede contribuir al deterioro cognitivo.<\/p>\n\n\n\n<p><strong>La Importancia de un Tratamiento Adecuado<\/strong><\/p>\n\n\n\n<p>Dada la gravedad de las consecuencias asociadas con una p\u00e9rdida auditiva sin tratar, es fundamental que los auxiliares auditivos proporcionen un c\u00f3digo neural claro y f\u00e1cil de decodificar para el cerebro. Estos dispositivos deben garantizar que todos los sonidos relevantes sean accesibles, claros y c\u00f3modos en cualquier situaci\u00f3n. Al proporcionar acceso a la escena sonora completa, los auxiliares auditivos no solo mejoran la capacidad de o\u00edr, sino que tambi\u00e9n ayudan a reducir la carga mental y a prevenir problemas m\u00e1s graves como la demencia y las ca\u00eddas.<\/p>\n\n\n\n<p>En Audioclinic, estamos comprometidos a ofrecer soluciones auditivas que no solo mejoren la audici\u00f3n, sino que tambi\u00e9n protejan la salud cognitiva y el bienestar general de nuestros usuarios. Si sospecha que puede estar experimentando p\u00e9rdida auditiva, le animamos a que busque ayuda cuanto antes para evitar estas graves consecuencias. \u00a1Su salud auditiva es clave para una vida plena y saludable!<\/p>\n","protected":false},"excerpt":{"rendered":"<p>Consecuencias de No Tratar una P\u00e9rdida Auditiva: Ignorar la p\u00e9rdida auditiva aumenta la carga mental, riesgo de aislamiento social, equilibrio deficiente, y puede llevar a demencia. Un tratamiento adecuado, como el uso de auxiliares auditivos, reduce estas consecuencias y protege la salud cognitiva.<\/p>\n","protected":false},"author":4,"featured_media":100006570,"comment_status":"closed","ping_status":"closed","sticky":false,"template":"","format":"standard","meta":{"om_disable_all_campaigns":false,"_monsterinsights_skip_tracking":false,"_monsterinsights_sitenote_active":false,"_monsterinsights_sitenote_note":"","_monsterinsights_sitenote_category":0,"_uf_show_specific_survey":0,"_uf_disable_surveys":false,"_joinchat":[],"footnotes":""},"categories":[18],"tags":[],"class_list":["post-100006569","post","type-post","status-publish","format-standard","has-post-thumbnail","hentry","category-salud","vs-blog blog-single"],"_links":{"self":[{"href":"https:\/\/starserver2.com\/audioclinic\/wp-json\/wp\/v2\/posts\/100006569","targetHints":{"allow":["GET"]}}],"collection":[{"href":"https:\/\/starserver2.com\/audioclinic\/wp-json\/wp\/v2\/posts"}],"about":[{"href":"https:\/\/starserver2.com\/audioclinic\/wp-json\/wp\/v2\/types\/post"}],"author":[{"embeddable":true,"href":"https:\/\/starserver2.com\/audioclinic\/wp-json\/wp\/v2\/users\/4"}],"replies":[{"embeddable":true,"href":"https:\/\/starserver2.com\/audioclinic\/wp-json\/wp\/v2\/comments?post=100006569"}],"version-history":[{"count":1,"href":"https:\/\/starserver2.com\/audioclinic\/wp-json\/wp\/v2\/posts\/100006569\/revisions"}],"predecessor-version":[{"id":100006571,"href":"https:\/\/starserver2.com\/audioclinic\/wp-json\/wp\/v2\/posts\/100006569\/revisions\/100006571"}],"wp:featuredmedia":[{"embeddable":true,"href":"https:\/\/starserver2.com\/audioclinic\/wp-json\/wp\/v2\/media\/100006570"}],"wp:attachment":[{"href":"https:\/\/starserver2.com\/audioclinic\/wp-json\/wp\/v2\/media?parent=100006569"}],"wp:term":[{"taxonomy":"category","embeddable":true,"href":"https:\/\/starserver2.com\/audioclinic\/wp-json\/wp\/v2\/categories?post=100006569"},{"taxonomy":"post_tag","embeddable":true,"href":"https:\/\/starserver2.com\/audioclinic\/wp-json\/wp\/v2\/tags?post=100006569"}],"curies":[{"name":"wp","href":"https:\/\/api.w.org\/{rel}","templated":true}]}}