{"id":100006512,"date":"2024-07-30T09:24:27","date_gmt":"2024-07-30T15:24:27","guid":{"rendered":"https:\/\/audioclinic.com\/?p=100006512"},"modified":"2024-07-30T09:24:28","modified_gmt":"2024-07-30T15:24:28","slug":"relacion-entre-el-vertigo-y-la-audicion","status":"publish","type":"post","link":"https:\/\/starserver2.com\/audioclinic\/relacion-entre-el-vertigo-y-la-audicion\/","title":{"rendered":"Relaci\u00f3n entre el v\u00e9rtigo y la audici\u00f3n"},"content":{"rendered":"\n<p>El v\u00e9rtigo, m\u00e1s all\u00e1 de ser una sensaci\u00f3n de mareo pasajero, puede convertirse en una condici\u00f3n debilitante que afecta todos los aspectos de la vida de una persona.&nbsp;<\/p>\n\n\n\n<p><strong>\u00bfQu\u00e9 es el V\u00e9rtigo?<\/strong><\/p>\n\n\n\n<p>El v\u00e9rtigo es una sensaci\u00f3n de movimiento o giro que ocurre sin que haya movimiento real. Quienes lo sufren pueden describirlo como si el mundo girara a su alrededor o como si ellos mismos giraran respecto al mundo.<\/p>\n\n\n\n<p><strong>Causas del V\u00e9rtigo<\/strong><\/p>\n\n\n\n<p>Diversos factores pueden desencadenar el v\u00e9rtigo, y muchos de ellos est\u00e1n relacionados con problemas en el o\u00eddo interno:<\/p>\n\n\n\n<p><strong>Enfermedades del O\u00eddo Interno<\/strong><\/p>\n\n\n\n<p>El o\u00eddo interno no solo es esencial para la audici\u00f3n, sino tambi\u00e9n para mantener el equilibrio. Problemas en esta zona pueden desencadenar v\u00e9rtigo.<\/p>\n\n\n\n<p><strong>Traumatismos y Lesiones en la Cabeza<\/strong><\/p>\n\n\n\n<p>Golpes o lesiones en la cabeza pueden afectar el o\u00eddo interno o el cerebro, alterando la interpretaci\u00f3n de las se\u00f1ales del sistema vestibular y causando v\u00e9rtigo.<\/p>\n\n\n\n<p><strong>Cambios en la Presi\u00f3n del O\u00eddo Interno<\/strong><\/p>\n\n\n\n<p>Afecciones como la enfermedad de Meni\u00e8re pueden causar variaciones en la presi\u00f3n del l\u00edquido del o\u00eddo interno, resultando en episodios de v\u00e9rtigo.<\/p>\n\n\n\n<p><strong>Medicamentos<\/strong><\/p>\n\n\n\n<p>Algunos medicamentos tienen efectos secundarios que pueden incluir v\u00e9rtigo, especialmente aquellos que afectan el o\u00eddo interno o la funci\u00f3n neurol\u00f3gica.<\/p>\n\n\n\n<p><strong>Migra\u00f1as y V\u00e9rtigo<\/strong><\/p>\n\n\n\n<p>En algunas personas, las migra\u00f1as est\u00e1n relacionadas con episodios de v\u00e9rtigo, conocidos como v\u00e9rtigo migra\u00f1oso.<\/p>\n\n\n\n<p><strong>Otras Causas M\u00e9dicas<\/strong><\/p>\n\n\n\n<p>Infecciones, trastornos circulatorios o condiciones neurol\u00f3gicas pueden causar v\u00e9rtigo.<\/p>\n\n\n\n<p><strong>Factores de Riesgo y Estilo de Vida<\/strong><\/p>\n\n\n\n<p>Ciertos factores, como el envejecimiento, el consumo de alcohol, la falta de sue\u00f1o y el estr\u00e9s, pueden aumentar el riesgo de sufrir v\u00e9rtigo. Entender estas causas es fundamental para un diagn\u00f3stico correcto y un tratamiento efectivo.<\/p>\n\n\n\n<p><strong>Entendiendo la Audici\u00f3n<\/strong><\/p>\n\n\n\n<p>Para comprender mejor la relaci\u00f3n entre v\u00e9rtigo y audici\u00f3n, es importante conocer c\u00f3mo procesamos los sonidos y mantenemos el equilibrio a trav\u00e9s del o\u00eddo interno.<\/p>\n\n\n\n<p><strong>Componentes del O\u00eddo y su Funci\u00f3n<\/strong><\/p>\n\n\n\n<p>El o\u00eddo se compone de tres partes clave: el o\u00eddo externo, medio e interno, cada uno con un rol espec\u00edfico en la audici\u00f3n y el equilibrio.<\/p>\n\n\n\n<p><strong>\u00bfC\u00f3mo se Conectan el V\u00e9rtigo y la Audici\u00f3n?<\/strong><\/p>\n\n\n\n<p>El o\u00eddo interno contiene el laberinto, que incluye estructuras tanto para la audici\u00f3n como para el equilibrio. Un mal funcionamiento en estas estructuras puede afectar la audici\u00f3n y causar v\u00e9rtigo.<\/p>\n\n\n\n<p><strong>Diagn\u00f3stico del V\u00e9rtigo<\/strong><\/p>\n\n\n\n<p>Identificar la causa del v\u00e9rtigo requiere una evaluaci\u00f3n del o\u00eddo y las funciones relacionadas con el equilibrio. Las pruebas audiom\u00e9tricas y los estudios de equilibrio son esenciales.<\/p>\n\n\n\n<p><strong>Opciones de Tratamiento<\/strong><\/p>\n\n\n\n<p>Existen varios tratamientos para el v\u00e9rtigo, desde medicamentos hasta terapias de rehabilitaci\u00f3n y cambios en el estilo de vida.<\/p>\n\n\n\n<p><strong>Intervenciones M\u00e9dicas<\/strong><\/p>\n\n\n\n<p>Los tratamientos m\u00e9dicos pueden incluir medicamentos antivertiginosos y, en casos severos, cirug\u00eda.<\/p>\n\n\n\n<p><strong>Remedios Caseros y Alternativos<\/strong><\/p>\n\n\n\n<p>Existen remedios caseros y pr\u00e1cticas de terapia alternativa que pueden ofrecer alivio, como t\u00e9cnicas de relajaci\u00f3n y ejercicios de equilibrio.<\/p>\n\n\n\n<p><strong>Vivir con V\u00e9rtigo<\/strong><\/p>\n\n\n\n<p>Aunque vivir con v\u00e9rtigo es un reto, con ajustes adecuados, los pacientes pueden llevar una vida plena y activa.<\/p>\n\n\n\n<p><strong>Modificaciones del Estilo de Vida<\/strong><\/p>\n\n\n\n<p>Peque\u00f1as modificaciones en la rutina diaria pueden ayudar a gestionar los s\u00edntomas, como evitar movimientos bruscos y mantener una buena hidrataci\u00f3n.<\/p>\n\n\n\n<p><strong>Apoyo y Recursos<\/strong><\/p>\n\n\n\n<p>Buscar apoyo y recursos adicionales, como grupos de apoyo y profesionales de la salud especializados, es crucial para el bienestar de los pacientes.<\/p>\n\n\n\n<p><strong>Prevenci\u00f3n y Manejo del V\u00e9rtigo<\/strong><\/p>\n\n\n\n<p>Conocer las estrategias para prevenir y manejar el v\u00e9rtigo puede hacer una gran diferencia en la calidad de vida. Ante cualquier s\u00edntoma persistente, es imprescindible la evaluaci\u00f3n m\u00e9dica para determinar la causa y el tratamiento adecuado.<\/p>\n\n\n\n<p><strong>Conclusi\u00f3n<\/strong><\/p>\n\n\n\n<p>El v\u00e9rtigo y la audici\u00f3n est\u00e1n \u00edntimamente ligados a trav\u00e9s de sistemas complejos en nuestro cuerpo. Comprender esta relaci\u00f3n es vital para tratar y manejar el v\u00e9rtigo. Si experimenta s\u00edntomas persistentes de v\u00e9rtigo, consulte a un m\u00e9dico para recibir el diagn\u00f3stico y tratamiento adecuado. En Audioclinic, estamos aqu\u00ed para ayudarle a entender y gestionar su salud auditiva y de equilibrio.<\/p>\n","protected":false},"excerpt":{"rendered":"<p>La relaci\u00f3n entre el v\u00e9rtigo y la audici\u00f3n es clave para entender esta condici\u00f3n, causada por problemas en el o\u00eddo interno y requiere una evaluaci\u00f3n del o\u00eddo y el equilibrio.<\/p>\n","protected":false},"author":4,"featured_media":100006513,"comment_status":"closed","ping_status":"closed","sticky":false,"template":"","format":"standard","meta":{"om_disable_all_campaigns":false,"_monsterinsights_skip_tracking":false,"_monsterinsights_sitenote_active":false,"_monsterinsights_sitenote_note":"","_monsterinsights_sitenote_category":0,"_uf_show_specific_survey":0,"_uf_disable_surveys":false,"_joinchat":[],"footnotes":""},"categories":[18],"tags":[],"class_list":["post-100006512","post","type-post","status-publish","format-standard","has-post-thumbnail","hentry","category-salud","vs-blog blog-single"],"_links":{"self":[{"href":"https:\/\/starserver2.com\/audioclinic\/wp-json\/wp\/v2\/posts\/100006512","targetHints":{"allow":["GET"]}}],"collection":[{"href":"https:\/\/starserver2.com\/audioclinic\/wp-json\/wp\/v2\/posts"}],"about":[{"href":"https:\/\/starserver2.com\/audioclinic\/wp-json\/wp\/v2\/types\/post"}],"author":[{"embeddable":true,"href":"https:\/\/starserver2.com\/audioclinic\/wp-json\/wp\/v2\/users\/4"}],"replies":[{"embeddable":true,"href":"https:\/\/starserver2.com\/audioclinic\/wp-json\/wp\/v2\/comments?post=100006512"}],"version-history":[{"count":1,"href":"https:\/\/starserver2.com\/audioclinic\/wp-json\/wp\/v2\/posts\/100006512\/revisions"}],"predecessor-version":[{"id":100006514,"href":"https:\/\/starserver2.com\/audioclinic\/wp-json\/wp\/v2\/posts\/100006512\/revisions\/100006514"}],"wp:featuredmedia":[{"embeddable":true,"href":"https:\/\/starserver2.com\/audioclinic\/wp-json\/wp\/v2\/media\/100006513"}],"wp:attachment":[{"href":"https:\/\/starserver2.com\/audioclinic\/wp-json\/wp\/v2\/media?parent=100006512"}],"wp:term":[{"taxonomy":"category","embeddable":true,"href":"https:\/\/starserver2.com\/audioclinic\/wp-json\/wp\/v2\/categories?post=100006512"},{"taxonomy":"post_tag","embeddable":true,"href":"https:\/\/starserver2.com\/audioclinic\/wp-json\/wp\/v2\/tags?post=100006512"}],"curies":[{"name":"wp","href":"https:\/\/api.w.org\/{rel}","templated":true}]}}