{"id":100006456,"date":"2024-07-15T10:46:03","date_gmt":"2024-07-15T16:46:03","guid":{"rendered":"https:\/\/audioclinic.com\/?p=100006456"},"modified":"2024-07-22T16:17:50","modified_gmt":"2024-07-22T22:17:50","slug":"impacto-del-covid-19-en-la-audicion-resultados-de-un-estudio-prospectivo","status":"publish","type":"post","link":"https:\/\/starserver2.com\/audioclinic\/impacto-del-covid-19-en-la-audicion-resultados-de-un-estudio-prospectivo\/","title":{"rendered":"Impacto del COVID-19 en la Audici\u00f3n: Resultados de un Estudio Prospectivo"},"content":{"rendered":"\n<p>La pandemia de COVID-19 ha despertado creciente preocupaci\u00f3n respecto a sus efectos no solo respiratorios, sino tambi\u00e9n en otros sistemas, incluido el auditivo. La investigaci\u00f3n sobre la hipoacusia asociada a esta enfermedad a\u00fan est\u00e1 en desarrollo, destacando la importancia de evaluaciones audiol\u00f3gicas tanto durante como despu\u00e9s de la infecci\u00f3n para comprender mejor su impacto.<\/p>\n\n\n\n<p><strong>Objetivos del Estudio<\/strong><\/p>\n\n\n\n<p>El objetivo del estudio fue comparar el grado y tipo de hipoacusia en sujetos con y sin COVID-19 al inicio del padecimiento y despu\u00e9s de la recuperaci\u00f3n, mediante un estudio prospectivo y comparativo no experimental. Se realiz\u00f3 con una muestra de 105 sujetos confirmados positivos para COVID-19, quienes fueron sometidos a audiometr\u00eda tonal antes y despu\u00e9s de su recuperaci\u00f3n. Los resultados se compararon con un grupo control sin la enfermedad.<\/p>\n\n\n\n<p><strong>Metodolog\u00eda<\/strong><\/p>\n\n\n\n<p>La metodolog\u00eda del estudio incluy\u00f3 audiometr\u00edas tonales realizadas en dos momentos clave: al inicio de la infecci\u00f3n y tras la recuperaci\u00f3n. Este enfoque permiti\u00f3 identificar cambios en la audici\u00f3n a lo largo del tiempo y relacionarlos con el COVID-19. Los resultados se analizaron para identificar diferencias significativas entre los grupos, as\u00ed como para determinar cualquier patr\u00f3n espec\u00edfico de hipoacusia asociado a la enfermedad.<\/p>\n\n\n\n<p><strong>Resultados del Estudio<\/strong><\/p>\n\n\n\n<p>Se encontr\u00f3 que la hipoacusia superficial sensorial fue m\u00e1s frecuente en el grupo de 35 a 50 a\u00f1os entre los pacientes con COVID-19. Las diferencias significativas se observaron en el promedio de 7 frecuencias y frecuencias medias en los pacientes recuperados, indicando una posible mejora auditiva post-infecci\u00f3n.<\/p>\n\n\n\n<p>Estos hallazgos sugieren un impacto variable en la audici\u00f3n de los pacientes con COVID-19, afectando especialmente a la poblaci\u00f3n de mediana edad. La resoluci\u00f3n del cuadro inflamatorio podr\u00eda explicar las mejoras auditivas observadas en la segunda evaluaci\u00f3n. Es importante destacar que, aunque se observ\u00f3 una mejora en algunos pacientes, otros continuaron presentando hipoacusia, subrayando la necesidad de monitoreo continuo.<\/p>\n\n\n\n<p><strong>Implicaciones Cl\u00ednicas<\/strong><\/p>\n\n\n\n<p>Este estudio refuerza la necesidad de evaluaciones audiol\u00f3gicas sistem\u00e1ticas en pacientes con COVID-19, tanto durante el curso de la enfermedad como en la fase de recuperaci\u00f3n. Las evaluaciones regulares permiten detectar y tratar problemas auditivos de manera oportuna, mejorando as\u00ed la calidad de vida de los pacientes.<\/p>\n\n\n\n<p><strong>Recomendaciones para Futuras Investigaciones<\/strong><\/p>\n\n\n\n<p>Para obtener una imagen m\u00e1s completa de los efectos auditivos de la enfermedad, se recomienda ampliar la muestra y considerar evaluaciones objetivas del o\u00eddo medio. Adem\u00e1s, futuros estudios podr\u00edan explorar la relaci\u00f3n entre la severidad de la infecci\u00f3n por COVID-19 y el grado de hipoacusia, as\u00ed como el impacto a largo plazo en la audici\u00f3n.<\/p>\n\n\n\n<p><strong>Conclusi\u00f3n<\/strong><\/p>\n\n\n\n<p>Este art\u00edculo destaca la importancia de la atenci\u00f3n auditiva integral en el manejo de pacientes con COVID-19. La audici\u00f3n es un aspecto crucial de la salud general, y su deterioro puede tener consecuencias significativas para la comunicaci\u00f3n y la calidad de vida. Por ello, es fundamental realizar estudios adicionales para entender mejor estos efectos y optimizar las estrategias de atenci\u00f3n a largo plazo.<\/p>\n","protected":false},"excerpt":{"rendered":"<p>La pandemia de COVID-19 ha despertado creciente preocupaci\u00f3n respecto a sus efectos no solo respiratorios, sino tambi\u00e9n en otros sistemas, incluido el auditivo. En el art\u00edculo de Audioclinic, Impacto del COVID-19 en la Audici\u00f3n: Resultados de un Estudio Prospectivo, se exploran los hallazgos de una investigaci\u00f3n que compar\u00f3 el grado y tipo de hipoacusia en sujetos con y sin COVID-19. Los resultados resaltan la importancia de evaluaciones audiol\u00f3gicas durante y despu\u00e9s de la infecci\u00f3n para comprender mejor su impacto.<\/p>\n","protected":false},"author":4,"featured_media":100006458,"comment_status":"closed","ping_status":"closed","sticky":false,"template":"","format":"standard","meta":{"om_disable_all_campaigns":false,"_monsterinsights_skip_tracking":false,"_monsterinsights_sitenote_active":false,"_monsterinsights_sitenote_note":"","_monsterinsights_sitenote_category":0,"_uf_show_specific_survey":0,"_uf_disable_surveys":false,"_joinchat":[],"footnotes":""},"categories":[18],"tags":[],"class_list":["post-100006456","post","type-post","status-publish","format-standard","has-post-thumbnail","hentry","category-salud","vs-blog blog-single"],"_links":{"self":[{"href":"https:\/\/starserver2.com\/audioclinic\/wp-json\/wp\/v2\/posts\/100006456","targetHints":{"allow":["GET"]}}],"collection":[{"href":"https:\/\/starserver2.com\/audioclinic\/wp-json\/wp\/v2\/posts"}],"about":[{"href":"https:\/\/starserver2.com\/audioclinic\/wp-json\/wp\/v2\/types\/post"}],"author":[{"embeddable":true,"href":"https:\/\/starserver2.com\/audioclinic\/wp-json\/wp\/v2\/users\/4"}],"replies":[{"embeddable":true,"href":"https:\/\/starserver2.com\/audioclinic\/wp-json\/wp\/v2\/comments?post=100006456"}],"version-history":[{"count":1,"href":"https:\/\/starserver2.com\/audioclinic\/wp-json\/wp\/v2\/posts\/100006456\/revisions"}],"predecessor-version":[{"id":100006459,"href":"https:\/\/starserver2.com\/audioclinic\/wp-json\/wp\/v2\/posts\/100006456\/revisions\/100006459"}],"wp:featuredmedia":[{"embeddable":true,"href":"https:\/\/starserver2.com\/audioclinic\/wp-json\/wp\/v2\/media\/100006458"}],"wp:attachment":[{"href":"https:\/\/starserver2.com\/audioclinic\/wp-json\/wp\/v2\/media?parent=100006456"}],"wp:term":[{"taxonomy":"category","embeddable":true,"href":"https:\/\/starserver2.com\/audioclinic\/wp-json\/wp\/v2\/categories?post=100006456"},{"taxonomy":"post_tag","embeddable":true,"href":"https:\/\/starserver2.com\/audioclinic\/wp-json\/wp\/v2\/tags?post=100006456"}],"curies":[{"name":"wp","href":"https:\/\/api.w.org\/{rel}","templated":true}]}}