{"id":100006448,"date":"2024-07-08T11:55:05","date_gmt":"2024-07-08T17:55:05","guid":{"rendered":"https:\/\/audioclinic.com\/?p=100006448"},"modified":"2024-07-22T16:19:15","modified_gmt":"2024-07-22T22:19:15","slug":"relacion-entre-la-perdida-auditiva-y-el-deterioro-cognitivo","status":"publish","type":"post","link":"https:\/\/starserver2.com\/audioclinic\/relacion-entre-la-perdida-auditiva-y-el-deterioro-cognitivo\/","title":{"rendered":"Relaci\u00f3n Entre La P\u00e9rdida Auditiva y El Deterioro Cognitivo"},"content":{"rendered":"\n<p>\u00bfSab\u00eda que la p\u00e9rdida auditiva puede acelerar el deterioro cognitivo? A medida que envejecemos, aumenta la probabilidad de experimentar alg\u00fan nivel de p\u00e9rdida de audici\u00f3n. De hecho, una de cada tres personas entre 65 y 74 a\u00f1os sufre una disminuci\u00f3n en la capacidad de o\u00edr, y este porcentaje se incrementa a la mitad en personas mayores de 75 a\u00f1os.<\/p>\n\n\n\n<p>Cuando se empiezan a tener problemas de audici\u00f3n, surgen dificultades para entender y seguir conversaciones, lo que afecta directamente a las relaciones sociales. Tambi\u00e9n puede resultar complicado escuchar la televisi\u00f3n, ver pel\u00edculas o series, y o\u00edr el timbre o el tel\u00e9fono.<\/p>\n\n\n\n<p><strong>La Relaci\u00f3n Entre P\u00e9rdida Auditiva y Deterioro Cognitivo<\/strong><\/p>\n\n\n\n<p>Existe una relaci\u00f3n entre la p\u00e9rdida auditiva y el deterioro cognitivo, dos problemas de salud que afectan especialmente a las personas mayores. La p\u00e9rdida auditiva puede dificultar la comunicaci\u00f3n, el aprendizaje, la interacci\u00f3n social y el acceso a la informaci\u00f3n, lo que puede generar aislamiento, depresi\u00f3n, ansiedad y estr\u00e9s. Estos factores afectan negativamente el funcionamiento cognitivo y aumentan el riesgo de desarrollar demencia.<\/p>\n\n\n\n<p>Por otro lado, el deterioro cognitivo puede afectar la capacidad de procesar y comprender los sonidos, dificultando la adaptaci\u00f3n y el uso de los auxiliares auditivos, dispositivos que ayudan a mejorar la audici\u00f3n. Adem\u00e1s, el deterioro cognitivo puede interferir con la capacidad del cerebro para adaptarse y reorganizarse ante los cambios y las demandas del entorno, limitando la eficacia de las intervenciones auditivas y reduciendo la calidad de vida de las personas con p\u00e9rdida auditiva.<\/p>\n\n\n\n<p class=\"has-medium-font-size\"><strong>Consejos Para Cuidar Su Salud Auditiva y Cognitiva<\/strong><\/p>\n\n\n\n<figure class=\"wp-block-image size-full is-resized\"><img fetchpriority=\"high\" decoding=\"async\" width=\"1745\" height=\"982\" src=\"https:\/\/starserver2.com\/audioclinic\/wp-content\/uploads\/Relacion-Entre-La-Perdida-Auditiva-y-El-Deterioro-Cognitivo-1-edited.png\" alt=\"\" class=\"wp-image-100006451\" style=\"width:824px;height:auto\" title=\"\" srcset=\"https:\/\/starserver2.com\/audioclinic\/wp-content\/uploads\/Relacion-Entre-La-Perdida-Auditiva-y-El-Deterioro-Cognitivo-1-edited.png 1745w, https:\/\/starserver2.com\/audioclinic\/wp-content\/uploads\/Relacion-Entre-La-Perdida-Auditiva-y-El-Deterioro-Cognitivo-1-edited-600x338.png 600w, https:\/\/starserver2.com\/audioclinic\/wp-content\/uploads\/Relacion-Entre-La-Perdida-Auditiva-y-El-Deterioro-Cognitivo-1-edited-1280x720.png 1280w, https:\/\/starserver2.com\/audioclinic\/wp-content\/uploads\/Relacion-Entre-La-Perdida-Auditiva-y-El-Deterioro-Cognitivo-1-edited-980x551.png 980w, https:\/\/starserver2.com\/audioclinic\/wp-content\/uploads\/Relacion-Entre-La-Perdida-Auditiva-y-El-Deterioro-Cognitivo-1-edited-480x270.png 480w\" sizes=\"(max-width: 1745px) 100vw, 1745px\" \/><\/figure>\n\n\n\n<p><strong>Revisi\u00f3n Auditiva<\/strong><\/p>\n\n\n\n<p>Realice revisiones auditivas peri\u00f3dicas, especialmente a partir de los 50 a\u00f1os o cuando empiece a notar dificultades para escuchar.<\/p>\n\n\n\n<p><strong>Auxiliares Auditivos<\/strong><\/p>\n\n\n\n<p>En caso de p\u00e9rdida auditiva significativa, el uso de auxiliares auditivos es fundamental, ya que mejoran la audici\u00f3n y facilitan la comunicaci\u00f3n, el aprendizaje y la participaci\u00f3n social.<\/p>\n\n\n\n<p><strong>Protecci\u00f3n de los O\u00eddos<\/strong><\/p>\n\n\n\n<p>Evite la exposici\u00f3n prolongada a fuentes de ruido como el tr\u00e1fico, las obras o la m\u00fasica a alto volumen. Use protectores auditivos como tapones o auriculares cuando sea necesario.<\/p>\n\n\n\n<p><strong>Alimentaci\u00f3n<\/strong><\/p>\n\n\n\n<p>Mantenga una dieta equilibrada y una adecuada hidrataci\u00f3n, lo cual puede contribuir a prevenir o retrasar la p\u00e9rdida auditiva. Nutrientes como las vitaminas A, C y E, el zinc, el magnesio y el omega-3 pueden favorecer la salud del o\u00eddo interno y prevenir el da\u00f1o oxidativo.<\/p>\n\n\n\n<p><strong>Ejercicio F\u00edsico<\/strong><\/p>\n\n\n\n<p>El ejercicio f\u00edsico moderado y regular mejora la circulaci\u00f3n sangu\u00ednea y el suministro de ox\u00edgeno al cerebro y el o\u00eddo interno, lo que puede prevenir o retrasar la p\u00e9rdida auditiva y el deterioro cognitivo.<\/p>\n\n\n\n<p><strong>Estimulaci\u00f3n Mental<\/strong><\/p>\n\n\n\n<p>Realice actividades como leer, escribir, aprender idiomas, resolver crucigramas o jugar al ajedrez. Estas actividades fortalecen las conexiones neuronales y mejoran funciones cognitivas como la memoria, la atenci\u00f3n y el razonamiento, adem\u00e1s de prevenir o retrasar el desarrollo de demencia.<\/p>\n\n\n\n<p><strong>Socializaci\u00f3n<\/strong><\/p>\n\n\n\n<p>Las relaciones sociales proporcionan apoyo emocional, estimulaci\u00f3n intelectual y sentido de pertenencia, adem\u00e1s de prevenir o reducir el aislamiento, la depresi\u00f3n y la ansiedad, que pueden afectar el funcionamiento cognitivo.<\/p>\n\n\n\n<p>En Audioclinic, estamos comprometidos con su salud auditiva y cognitiva. No dude en contactarnos para m\u00e1s informaci\u00f3n y asistencia. \u00a1Estamos aqu\u00ed para ayudarle a o\u00edr mejor y vivir mejor!<\/p>\n","protected":false},"excerpt":{"rendered":"<p>\u00bfSab\u00eda que la p\u00e9rdida auditiva puede acelerar el deterioro cognitivo? <\/p>\n<p>En Audioclinic, exploramos la relaci\u00f3n entre la p\u00e9rdida auditiva y el deterioro cognitivo, dos problemas que afectan especialmente a las personas mayores. La dificultad para comunicarse y el aislamiento social pueden aumentar el riesgo de desarrollar demencia. Descubra c\u00f3mo cuidar su salud auditiva y cognitiva con nuestros consejos pr\u00e1cticos y el uso adecuado de auxiliares auditivos. \u00a1Cont\u00e1ctenos para m\u00e1s informaci\u00f3n y asesor\u00eda personalizada!<\/p>\n","protected":false},"author":4,"featured_media":100006449,"comment_status":"closed","ping_status":"closed","sticky":false,"template":"","format":"standard","meta":{"om_disable_all_campaigns":false,"_monsterinsights_skip_tracking":false,"_monsterinsights_sitenote_active":false,"_monsterinsights_sitenote_note":"","_monsterinsights_sitenote_category":0,"_uf_show_specific_survey":0,"_uf_disable_surveys":false,"_joinchat":[],"footnotes":""},"categories":[18],"tags":[],"class_list":["post-100006448","post","type-post","status-publish","format-standard","has-post-thumbnail","hentry","category-salud","vs-blog blog-single"],"_links":{"self":[{"href":"https:\/\/starserver2.com\/audioclinic\/wp-json\/wp\/v2\/posts\/100006448","targetHints":{"allow":["GET"]}}],"collection":[{"href":"https:\/\/starserver2.com\/audioclinic\/wp-json\/wp\/v2\/posts"}],"about":[{"href":"https:\/\/starserver2.com\/audioclinic\/wp-json\/wp\/v2\/types\/post"}],"author":[{"embeddable":true,"href":"https:\/\/starserver2.com\/audioclinic\/wp-json\/wp\/v2\/users\/4"}],"replies":[{"embeddable":true,"href":"https:\/\/starserver2.com\/audioclinic\/wp-json\/wp\/v2\/comments?post=100006448"}],"version-history":[{"count":1,"href":"https:\/\/starserver2.com\/audioclinic\/wp-json\/wp\/v2\/posts\/100006448\/revisions"}],"predecessor-version":[{"id":100006452,"href":"https:\/\/starserver2.com\/audioclinic\/wp-json\/wp\/v2\/posts\/100006448\/revisions\/100006452"}],"wp:featuredmedia":[{"embeddable":true,"href":"https:\/\/starserver2.com\/audioclinic\/wp-json\/wp\/v2\/media\/100006449"}],"wp:attachment":[{"href":"https:\/\/starserver2.com\/audioclinic\/wp-json\/wp\/v2\/media?parent=100006448"}],"wp:term":[{"taxonomy":"category","embeddable":true,"href":"https:\/\/starserver2.com\/audioclinic\/wp-json\/wp\/v2\/categories?post=100006448"},{"taxonomy":"post_tag","embeddable":true,"href":"https:\/\/starserver2.com\/audioclinic\/wp-json\/wp\/v2\/tags?post=100006448"}],"curies":[{"name":"wp","href":"https:\/\/api.w.org\/{rel}","templated":true}]}}