{"id":100006420,"date":"2024-06-10T11:57:37","date_gmt":"2024-06-10T17:57:37","guid":{"rendered":"https:\/\/audioclinic.com\/?p=100006420"},"modified":"2024-07-22T16:33:44","modified_gmt":"2024-07-22T22:33:44","slug":"oido-musical-se-nace-o-se-hace","status":"publish","type":"post","link":"https:\/\/starserver2.com\/audioclinic\/oido-musical-se-nace-o-se-hace\/","title":{"rendered":"O\u00eddo musical\u2026 \u00bfSe nace o se hace?"},"content":{"rendered":"\n<p>Est\u00e1 demostrado que escuchar m\u00fasica desde que se es un beb\u00e9 produce una activaci\u00f3n de la corteza cerebral, concretamente de las zonas frontal y occipital. Esto contribuye, entre otros beneficios, a aumentar la capacidad de memoria, la atenci\u00f3n y la concentraci\u00f3n de los ni\u00f1os, a mejorar su habilidad para resolver problemas matem\u00e1ticos o a fomentar la creatividad y la imaginaci\u00f3n infantil. Si adem\u00e1s esta actividad se combina con el baile, se estimular\u00e1n los sentidos, el equilibrio y el desarrollo psicomotor. Por este motivo, la educaci\u00f3n musical en los ni\u00f1os ha adquirido un papel muy relevante en los \u00faltimos a\u00f1os.<\/p>\n\n\n\n<p>Seg\u00fan los expertos, la iniciaci\u00f3n auditiva en la m\u00fasica comienza en el vientre de la madre, ya que, desde los cinco meses de gestaci\u00f3n, el beb\u00e9 es capaz de distinguir voces y sonidos. Es a trav\u00e9s de la voz de su madre y de las canciones que ella le tararea, como el peque\u00f1o puede sentir la vibraci\u00f3n de las resonancias del canto. Tambi\u00e9n est\u00e1 demostrado que cuando en el entorno de la madre se escucha m\u00fasica cl\u00e1sica, el beb\u00e9 la percibe, y esto contribuye a que se sienta m\u00e1s tranquilo y relajado.<\/p>\n\n\n\n<p>Los primeros a\u00f1os de vida del ni\u00f1o van a ser clave para ayudarle y reforzarle en la adquisici\u00f3n del o\u00eddo musical, por lo que se le debe continuar ofreciendo est\u00edmulos melodiosos.<\/p>\n\n\n\n<p>Como en casi todos los aprendizajes, la imitaci\u00f3n juega un papel fundamental. Para ello, es necesario convivir con la m\u00fasica el mayor tiempo posible y fomentar el gusto por las melod\u00edas y los instrumentos. Los padres, en estas edades, son un fuerte referente, y sus acciones condicionar\u00e1n las de los peque\u00f1os, que intentar\u00e1n copiarles en busca de su aprobaci\u00f3n. Es el momento de introducir instrumentos sencillos con los que el ni\u00f1o se sienta c\u00f3modo y que le inciten a reproducir ritmos y melod\u00edas f\u00e1ciles de recordar, como las canciones infantiles.<\/p>\n\n\n\n<p>Una vez inculcado el gusto por la m\u00fasica y desarrollado el o\u00eddo musical, la edad recomendada para que los ni\u00f1os comiencen a tocar un instrumento oscila entre los tres y los cinco a\u00f1os, ya que en este per\u00edodo la evoluci\u00f3n neuronal permite un aprendizaje mucho m\u00e1s r\u00e1pido y natural. Seguro que a todos nos vienen a la mente esos peque\u00f1os genios musicales que fueron Beethoven y Mozart, que tocaban con gran virtuosismo la clave, el viol\u00edn o el piano con tan solo cuatro y seis a\u00f1os respectivamente, haciendo gala de un privilegiado sexto sentido musical.<\/p>\n\n\n\n<p class=\"has-medium-font-size\"><strong>\u00bfSe nace o se hace?<\/strong><\/p>\n\n\n\n<p>La pregunta sobre si el o\u00eddo musical se nace o se hace tiene m\u00faltiples respuestas y depende de varios factores. La predisposici\u00f3n gen\u00e9tica puede influir en la facilidad con la que una persona puede desarrollar habilidades musicales. Sin embargo, el entorno juega un papel crucial. La exposici\u00f3n temprana a la m\u00fasica y un entorno estimulante son esenciales para cultivar y fortalecer el o\u00eddo musical. Aunque algunos puedan tener una inclinaci\u00f3n natural hacia la m\u00fasica, todos pueden beneficiarse enormemente de una educaci\u00f3n musical temprana y continua.<\/p>\n\n\n\n<p class=\"has-medium-font-size\"><strong>Conclusi\u00f3n<\/strong><\/p>\n\n\n\n<p>La combinaci\u00f3n de predisposici\u00f3n gen\u00e9tica y un entorno musicalmente enriquecedor puede crear m\u00fasicos talentosos. La educaci\u00f3n musical desde una edad temprana no solo potencia habilidades cognitivas y motoras, sino que tambi\u00e9n enriquece la vida emocional y social de los ni\u00f1os. As\u00ed que, ya sea que se nazca con el don o se desarrolle con el tiempo, la m\u00fasica tiene el poder de transformar vidas.<\/p>\n","protected":false},"excerpt":{"rendered":"<p>O\u00eddo musical\u2026 \u00bfSe nace o se hace? Escuchar m\u00fasica desde beb\u00e9s activa la corteza cerebral, mejorando memoria, atenci\u00f3n y habilidades matem\u00e1ticas. Desde el vientre, la m\u00fasica calma y relaja. La educaci\u00f3n musical temprana es crucial, combinando predisposici\u00f3n gen\u00e9tica y entorno estimulante para desarrollar el o\u00eddo musical en los ni\u00f1os.<\/p>\n","protected":false},"author":4,"featured_media":100006421,"comment_status":"closed","ping_status":"closed","sticky":false,"template":"","format":"standard","meta":{"om_disable_all_campaigns":false,"_monsterinsights_skip_tracking":false,"_monsterinsights_sitenote_active":false,"_monsterinsights_sitenote_note":"","_monsterinsights_sitenote_category":0,"_uf_show_specific_survey":0,"_uf_disable_surveys":false,"_joinchat":[],"footnotes":""},"categories":[17],"tags":[],"class_list":["post-100006420","post","type-post","status-publish","format-standard","has-post-thumbnail","hentry","category-estilo-de-vida","vs-blog blog-single"],"_links":{"self":[{"href":"https:\/\/starserver2.com\/audioclinic\/wp-json\/wp\/v2\/posts\/100006420","targetHints":{"allow":["GET"]}}],"collection":[{"href":"https:\/\/starserver2.com\/audioclinic\/wp-json\/wp\/v2\/posts"}],"about":[{"href":"https:\/\/starserver2.com\/audioclinic\/wp-json\/wp\/v2\/types\/post"}],"author":[{"embeddable":true,"href":"https:\/\/starserver2.com\/audioclinic\/wp-json\/wp\/v2\/users\/4"}],"replies":[{"embeddable":true,"href":"https:\/\/starserver2.com\/audioclinic\/wp-json\/wp\/v2\/comments?post=100006420"}],"version-history":[{"count":1,"href":"https:\/\/starserver2.com\/audioclinic\/wp-json\/wp\/v2\/posts\/100006420\/revisions"}],"predecessor-version":[{"id":100006422,"href":"https:\/\/starserver2.com\/audioclinic\/wp-json\/wp\/v2\/posts\/100006420\/revisions\/100006422"}],"wp:featuredmedia":[{"embeddable":true,"href":"https:\/\/starserver2.com\/audioclinic\/wp-json\/wp\/v2\/media\/100006421"}],"wp:attachment":[{"href":"https:\/\/starserver2.com\/audioclinic\/wp-json\/wp\/v2\/media?parent=100006420"}],"wp:term":[{"taxonomy":"category","embeddable":true,"href":"https:\/\/starserver2.com\/audioclinic\/wp-json\/wp\/v2\/categories?post=100006420"},{"taxonomy":"post_tag","embeddable":true,"href":"https:\/\/starserver2.com\/audioclinic\/wp-json\/wp\/v2\/tags?post=100006420"}],"curies":[{"name":"wp","href":"https:\/\/api.w.org\/{rel}","templated":true}]}}