{"id":100006291,"date":"2024-05-21T09:23:50","date_gmt":"2024-05-21T15:23:50","guid":{"rendered":"https:\/\/audioclinic.com\/?p=100006291"},"modified":"2024-07-22T16:44:10","modified_gmt":"2024-07-22T22:44:10","slug":"importancia-de-la-salud-auditiva-para-evitar-problemas-de-aislamiento","status":"publish","type":"post","link":"https:\/\/starserver2.com\/audioclinic\/importancia-de-la-salud-auditiva-para-evitar-problemas-de-aislamiento\/","title":{"rendered":"Importancia de la Salud Auditiva para Evitar Problemas de Aislamiento"},"content":{"rendered":"\n<p>La presbiacusia, o p\u00e9rdida de audici\u00f3n asociada a la edad, es un problema com\u00fan que afecta a muchas personas a partir de los 65 a\u00f1os. Si no se trata adecuadamente, puede llevar al aislamiento social, ya que las personas mayores tienden a evitar situaciones que requieren interacci\u00f3n con otras personas.<\/p>\n\n\n\n<p>La p\u00e9rdida auditiva suele aparecer de forma gradual. Cuando los dem\u00e1s empiezan a notarlo y la persona afectada acepta el d\u00e9ficit, puede surgir tristeza y aislamiento. En las etapas iniciales, las personas tienden a negar el problema y culpar a su interlocutor, creyendo que es algo normal relacionado con la edad. Aqu\u00ed, el entorno juega un papel crucial para alertar sobre el problema. Si no se trata, la p\u00e9rdida auditiva empeora, y con los a\u00f1os, la persona deja de o\u00edr una mayor cantidad de sonidos en ciertas frecuencias, lo que dificulta la comprensi\u00f3n y lleva al aislamiento.<\/p>\n\n\n\n<p>Adem\u00e1s, los problemas de audici\u00f3n pueden derivar en problemas cognitivos, ya que la falta de estimulaci\u00f3n auditiva puede causar un deterioro prematuro y acelerar el envejecimiento. Por eso, es vital detectar a tiempo la p\u00e9rdida auditiva para evitar el aislamiento y fomentar la reintegraci\u00f3n social.<\/p>\n\n\n\n<p><strong>Se\u00f1ales de Alarma Frente a la P\u00e9rdida de Audici\u00f3n:<\/strong><\/p>\n\n\n\n<ul class=\"wp-block-list\">\n<li>En lugares con mucha gente, siento un ruido constante que impide escuchar con claridad.<\/li>\n\n\n\n<li>Evito eventos sociales o reuniones familiares porque me cuesta seguir las conversaciones, especialmente si se habla en voz baja.<\/li>\n\n\n\n<li>Me cuesta escuchar el sonido del m\u00f3vil y aunque oigo la conversaci\u00f3n, no la entiendo bien.<\/li>\n\n\n\n<li>Necesito subir el volumen de la televisi\u00f3n para escucharla claramente.<\/li>\n\n\n\n<li>Me siento m\u00e1s triste, irritable, y prefiero estar solo\/a, evitando hablar con los dem\u00e1s.<\/li>\n<\/ul>\n\n\n\n<p><strong>Pasos para Solucionar la P\u00e9rdida Auditiva:<\/strong><\/p>\n\n\n\n<ol class=\"wp-block-list\">\n<li>Compartir la Problem\u00e1tica: Habla con tu entorno sobre lo que est\u00e1s sintiendo.<\/li>\n\n\n\n<li>Consultar al M\u00e9dico: Acude al m\u00e9dico para un diagn\u00f3stico y para determinar las causas de la p\u00e9rdida auditiva y las posibles mejoras.<\/li>\n\n\n\n<li>Visitar un Centro de Audici\u00f3n: Reserva una cita con un experto en audici\u00f3n para evaluar el nivel de p\u00e9rdida y encontrar la soluci\u00f3n m\u00e1s adecuada para mejorar tu audici\u00f3n.<\/li>\n<\/ol>\n\n\n\n<p>Detectar y tratar a tiempo la p\u00e9rdida auditiva es esencial para mantener una vida social activa y evitar el aislamiento. Prestar atenci\u00f3n a las se\u00f1ales de alarma y tomar las medidas adecuadas puede marcar una gran diferencia en la calidad de vida de las personas mayores.<\/p>\n\n\n\n<figure class=\"wp-block-gallery has-nested-images columns-default is-cropped wp-block-gallery-1 is-layout-flex wp-block-gallery-is-layout-flex\">\n<figure class=\"wp-block-image size-large\"><img fetchpriority=\"high\" decoding=\"async\" width=\"1920\" height=\"1080\" data-id=\"100006294\" src=\"https:\/\/starserver2.com\/audioclinic\/wp-content\/uploads\/Importancia-de-la-Salud-Auditiva-2-1.jpg\" alt=\"\" class=\"wp-image-100006294\" title=\"\" srcset=\"https:\/\/starserver2.com\/audioclinic\/wp-content\/uploads\/Importancia-de-la-Salud-Auditiva-2-1.jpg 1920w, https:\/\/starserver2.com\/audioclinic\/wp-content\/uploads\/Importancia-de-la-Salud-Auditiva-2-1-600x338.jpg 600w, https:\/\/starserver2.com\/audioclinic\/wp-content\/uploads\/Importancia-de-la-Salud-Auditiva-2-1-1280x720.jpg 1280w, https:\/\/starserver2.com\/audioclinic\/wp-content\/uploads\/Importancia-de-la-Salud-Auditiva-2-1-980x551.jpg 980w, https:\/\/starserver2.com\/audioclinic\/wp-content\/uploads\/Importancia-de-la-Salud-Auditiva-2-1-480x270.jpg 480w\" sizes=\"(max-width: 1920px) 100vw, 1920px\" \/><\/figure>\n<\/figure>\n","protected":false},"excerpt":{"rendered":"<p>La presbiacusia, p\u00e9rdida auditiva com\u00fan en mayores de 65 a\u00f1os, puede causar aislamiento social y problemas cognitivos. La Importancia de la Salud Auditiva radica en detectar y tratar a tiempo, por lo que lo invitamos a que consulte a un especialista.<\/p>\n","protected":false},"author":4,"featured_media":100006293,"comment_status":"closed","ping_status":"closed","sticky":false,"template":"","format":"standard","meta":{"om_disable_all_campaigns":false,"_monsterinsights_skip_tracking":false,"_monsterinsights_sitenote_active":false,"_monsterinsights_sitenote_note":"","_monsterinsights_sitenote_category":0,"_uf_show_specific_survey":0,"_uf_disable_surveys":false,"_joinchat":[],"footnotes":""},"categories":[18],"tags":[],"class_list":["post-100006291","post","type-post","status-publish","format-standard","has-post-thumbnail","hentry","category-salud","vs-blog blog-single"],"_links":{"self":[{"href":"https:\/\/starserver2.com\/audioclinic\/wp-json\/wp\/v2\/posts\/100006291","targetHints":{"allow":["GET"]}}],"collection":[{"href":"https:\/\/starserver2.com\/audioclinic\/wp-json\/wp\/v2\/posts"}],"about":[{"href":"https:\/\/starserver2.com\/audioclinic\/wp-json\/wp\/v2\/types\/post"}],"author":[{"embeddable":true,"href":"https:\/\/starserver2.com\/audioclinic\/wp-json\/wp\/v2\/users\/4"}],"replies":[{"embeddable":true,"href":"https:\/\/starserver2.com\/audioclinic\/wp-json\/wp\/v2\/comments?post=100006291"}],"version-history":[{"count":1,"href":"https:\/\/starserver2.com\/audioclinic\/wp-json\/wp\/v2\/posts\/100006291\/revisions"}],"predecessor-version":[{"id":100006295,"href":"https:\/\/starserver2.com\/audioclinic\/wp-json\/wp\/v2\/posts\/100006291\/revisions\/100006295"}],"wp:featuredmedia":[{"embeddable":true,"href":"https:\/\/starserver2.com\/audioclinic\/wp-json\/wp\/v2\/media\/100006293"}],"wp:attachment":[{"href":"https:\/\/starserver2.com\/audioclinic\/wp-json\/wp\/v2\/media?parent=100006291"}],"wp:term":[{"taxonomy":"category","embeddable":true,"href":"https:\/\/starserver2.com\/audioclinic\/wp-json\/wp\/v2\/categories?post=100006291"},{"taxonomy":"post_tag","embeddable":true,"href":"https:\/\/starserver2.com\/audioclinic\/wp-json\/wp\/v2\/tags?post=100006291"}],"curies":[{"name":"wp","href":"https:\/\/api.w.org\/{rel}","templated":true}]}}