{"id":100006220,"date":"2024-05-06T10:19:30","date_gmt":"2024-05-06T16:19:30","guid":{"rendered":"https:\/\/audioclinic.com\/?p=100006220"},"modified":"2024-07-22T17:00:35","modified_gmt":"2024-07-22T23:00:35","slug":"influencia-genetica-en-la-perdida-auditiva-que-debemos-saber","status":"publish","type":"post","link":"https:\/\/starserver2.com\/audioclinic\/influencia-genetica-en-la-perdida-auditiva-que-debemos-saber\/","title":{"rendered":"Influencia gen\u00e9tica en la p\u00e9rdida auditiva: \u00bfQu\u00e9 debemos saber?"},"content":{"rendered":"\n<p>La p\u00e9rdida auditiva es un problema que afecta a una parte significativa de la poblaci\u00f3n en los pa\u00edses desarrollados, con aproximadamente un 6% a 8% de las personas experiment\u00e1ndola en alg\u00fan momento de sus vidas. Este problema puede tener diversas causas, algunas de las cuales son prevenibles, mientras que otras, como la influencia gen\u00e9tica, son menos modificables.<\/p>\n\n\n\n<p><strong>Hipoacusias cong\u00e9nitas y su relaci\u00f3n con la gen\u00e9tica<\/strong><\/p>\n\n\n\n<p>La p\u00e9rdida auditiva puede manifestarse de diferentes maneras, una de las cuales es la hipoacusia cong\u00e9nita, que est\u00e1 presente desde el nacimiento o poco despu\u00e9s. En los pa\u00edses desarrollados, esta condici\u00f3n afecta a 1-3 de cada 1.000 reci\u00e9n nacidos vivos. De estos casos, aproximadamente la mitad se atribuyen a factores gen\u00e9ticos.<\/p>\n\n\n\n<p>Las causas no gen\u00e9ticas de la hipoacusia cong\u00e9nita pueden incluir infecciones maternas durante el embarazo, falta de ox\u00edgeno durante el parto, bajo peso al nacer, ictericia grave durante el per\u00edodo neonatal y el uso inadecuado de ciertos medicamentos. Sin embargo, la influencia gen\u00e9tica es un factor importante a considerar.<\/p>\n\n\n\n<p><strong>Tipos de hipoacusias gen\u00e9ticas<\/strong><\/p>\n\n\n\n<p>Las hipoacusias de origen gen\u00e9tico se dividen en dos grupos principales: sindr\u00f3micas y no sindr\u00f3micas. Las sindr\u00f3micas est\u00e1n asociadas con alrededor de 400 s\u00edndromes gen\u00e9ticos, mientras que las no sindr\u00f3micas representan el 70% de los casos y se caracterizan por la p\u00e9rdida auditiva aislada, sin otras manifestaciones cl\u00ednicas.<\/p>\n\n\n\n<p>Gracias al avance de la ciencia, se han identificado los principales genes responsables de la p\u00e9rdida auditiva no sindr\u00f3mica. Esto es crucial para el diagn\u00f3stico temprano y el tratamiento adecuado, especialmente en reci\u00e9n nacidos, donde detectar anomal\u00edas gen\u00e9ticas puede facilitar intervenciones m\u00e9dicas como implantes cocleares o terapia del lenguaje.<\/p>\n\n\n\n<p><strong>Impacto en la calidad de vida<\/strong><\/p>\n\n\n\n<p>Cualquier grado de p\u00e9rdida auditiva puede tener un impacto significativo en la calidad de vida de una persona, ya que puede conducir al aislamiento social y dificultades de comunicaci\u00f3n. Por esta raz\u00f3n, es fundamental comprender las causas subyacentes de la p\u00e9rdida auditiva, incluida su posible base gen\u00e9tica, para tomar medidas preventivas y minimizar sus consecuencias.<\/p>\n\n\n\n<p>En resumen, si bien algunos casos de p\u00e9rdida auditiva pueden ser prevenibles, otros est\u00e1n vinculados a factores gen\u00e9ticos que no se pueden modificar f\u00e1cilmente. Por lo tanto, entender la influencia de la gen\u00e9tica en la p\u00e9rdida auditiva es crucial para abordar adecuadamente esta condici\u00f3n y mejorar la calidad de vida de quienes la padecen.<\/p>\n","protected":false},"excerpt":{"rendered":"<p>La hipoacusia cong\u00e9nita tiene causas gen\u00e9ticas en aproximadamente la mitad de los casos. Comprender la influencia gen\u00e9tica en la p\u00e9rdida auditiva es crucial para el diagn\u00f3stico y tratamiento temprano, mejorando la calidad de vida de quienes la padecen.<\/p>\n","protected":false},"author":4,"featured_media":100006222,"comment_status":"closed","ping_status":"closed","sticky":false,"template":"","format":"standard","meta":{"om_disable_all_campaigns":false,"_monsterinsights_skip_tracking":false,"_monsterinsights_sitenote_active":false,"_monsterinsights_sitenote_note":"","_monsterinsights_sitenote_category":0,"_uf_show_specific_survey":0,"_uf_disable_surveys":false,"_joinchat":[],"footnotes":""},"categories":[20],"tags":[],"class_list":["post-100006220","post","type-post","status-publish","format-standard","has-post-thumbnail","hentry","category-audioclinic","vs-blog blog-single"],"_links":{"self":[{"href":"https:\/\/starserver2.com\/audioclinic\/wp-json\/wp\/v2\/posts\/100006220","targetHints":{"allow":["GET"]}}],"collection":[{"href":"https:\/\/starserver2.com\/audioclinic\/wp-json\/wp\/v2\/posts"}],"about":[{"href":"https:\/\/starserver2.com\/audioclinic\/wp-json\/wp\/v2\/types\/post"}],"author":[{"embeddable":true,"href":"https:\/\/starserver2.com\/audioclinic\/wp-json\/wp\/v2\/users\/4"}],"replies":[{"embeddable":true,"href":"https:\/\/starserver2.com\/audioclinic\/wp-json\/wp\/v2\/comments?post=100006220"}],"version-history":[{"count":2,"href":"https:\/\/starserver2.com\/audioclinic\/wp-json\/wp\/v2\/posts\/100006220\/revisions"}],"predecessor-version":[{"id":100006248,"href":"https:\/\/starserver2.com\/audioclinic\/wp-json\/wp\/v2\/posts\/100006220\/revisions\/100006248"}],"wp:featuredmedia":[{"embeddable":true,"href":"https:\/\/starserver2.com\/audioclinic\/wp-json\/wp\/v2\/media\/100006222"}],"wp:attachment":[{"href":"https:\/\/starserver2.com\/audioclinic\/wp-json\/wp\/v2\/media?parent=100006220"}],"wp:term":[{"taxonomy":"category","embeddable":true,"href":"https:\/\/starserver2.com\/audioclinic\/wp-json\/wp\/v2\/categories?post=100006220"},{"taxonomy":"post_tag","embeddable":true,"href":"https:\/\/starserver2.com\/audioclinic\/wp-json\/wp\/v2\/tags?post=100006220"}],"curies":[{"name":"wp","href":"https:\/\/api.w.org\/{rel}","templated":true}]}}