{"id":100006121,"date":"2024-04-24T11:02:54","date_gmt":"2024-04-24T17:02:54","guid":{"rendered":"https:\/\/audioclinic.com\/?p=100006121"},"modified":"2024-07-22T17:10:55","modified_gmt":"2024-07-22T23:10:55","slug":"razones-para-contactar-a-su-audiologo","status":"publish","type":"post","link":"https:\/\/starserver2.com\/audioclinic\/razones-para-contactar-a-su-audiologo\/","title":{"rendered":"Razones para contactar a su audi\u00f3logo"},"content":{"rendered":"\n<p>Adquirir una buena rutina en los primeros d\u00edas con sus auxiliares auditivos&nbsp; puede ser muy importante. Sin embargo, puede haber razones por las que deba ponerse en contacto con su especialista.<\/p>\n\n\n\n<p><strong>1. Si sus o\u00eddos le pican durante un periodo largo de tiempo<\/strong><\/p>\n\n\n\n<p>Si experimenta picaz\u00f3n persistente durante o despu\u00e9s de usar sus auxiliares auditivos, puede ser que el auxiliar auditivo no tenga el tama\u00f1o adecuado o incluso tenga una reacci\u00f3n al\u00e9rgica. A pesar de que nuestros auxiliares auditivos se han sometido a pruebas exhaustivas para las alergias, algunos usuarios pueden seguir siendo sensibles a los materiales de silicona y acr\u00edlicos que se utilizan habitualmente en los auxiliares auditivos.<\/p>\n\n\n\n<p><strong>2. Si le duelen los o\u00eddos<\/strong><\/p>\n\n\n\n<p>Puede haber m\u00faltiples explicaciones al usar los auxiliares auditivos, ser\u00eda buena idea comentarlas con su audi\u00f3logo. Podr\u00eda ser que el tama\u00f1o del cono necesitara ser diferente; el cable en su o\u00eddo podr\u00eda ser demasiado corto; o el molde, hecho a medida para su o\u00eddo, podr\u00eda estar generando un peque\u00f1o punto de dolor.<\/p>\n\n\n\n<p><strong>3. Si no nota ninguna diferencia al o\u00edr<\/strong><\/p>\n\n\n\n<p>Deber\u00eda ser capaz de notar una diferencia clara al usar los auxiliares auditivos. Si no es as\u00ed, definitivamente debe ponerse en contacto con su audi\u00f3logo para que le haga una evaluaci\u00f3n. Las razones m\u00e1s comunes en estos casos suelen ser unos auxiliares auditivos obstruidos, una colocaci\u00f3n incorrecta o la necesidad de ajustar los auxiliares auditivos.<\/p>\n\n\n\n<p><strong>4. Si los sonidos fuertes le provocan dolor en los o\u00eddos<\/strong><\/p>\n\n\n\n<p>Si los sonidos fuertes le provocan dolor en los o\u00eddos o le hacen sentir inc\u00f3modo, esto podr\u00eda ser una se\u00f1al de que sus auxiliares auditivos necesitan ajustarse y es una muy buena raz\u00f3n para ponerse en contacto con su audi\u00f3logo.<\/p>\n\n\n\n<p><strong>5. Si no est\u00e1 seguro de c\u00f3mo insertar los auxiliares auditivos<\/strong><\/p>\n\n\n\n<p>Ponerse los auxiliares auditivos bien puede marcar la diferencia en su experiencia con ellos. Si no est\u00e1 seguro de d\u00f3nde deben asentarse exactamente en el o\u00eddo o si nota que los auxiliares auditivos no est\u00e1n bien puestos en el o\u00eddo o se caen con demasiada facilidad, p\u00eddale a su audi\u00f3logo que le ense\u00f1e la rutina de inserci\u00f3n correcta.<\/p>\n\n\n\n<p>Mantener una comunicaci\u00f3n abierta con su audi\u00f3logo garantiza una experiencia auditiva \u00f3ptima y sin complicaciones. Si experimenta alguna de estas se\u00f1ales, no dude en contactar a su especialista. Su bienestar auditivo es una prioridad.<\/p>\n","protected":false},"excerpt":{"rendered":"<p>Falta de mejora auditiva, sensibilidad a ruidos fuertes, dificultad en la colocaci\u00f3n de auxiliares, son algunas de las razones para contactar a su audi\u00f3logo. Mantenga una comunicaci\u00f3n abierta para una experiencia auditiva sin complicaciones.<\/p>\n","protected":false},"author":4,"featured_media":100006122,"comment_status":"closed","ping_status":"closed","sticky":false,"template":"","format":"standard","meta":{"om_disable_all_campaigns":false,"_monsterinsights_skip_tracking":false,"_monsterinsights_sitenote_active":false,"_monsterinsights_sitenote_note":"","_monsterinsights_sitenote_category":0,"_uf_show_specific_survey":0,"_uf_disable_surveys":false,"_joinchat":[],"footnotes":""},"categories":[18],"tags":[],"class_list":["post-100006121","post","type-post","status-publish","format-standard","has-post-thumbnail","hentry","category-salud","vs-blog blog-single"],"_links":{"self":[{"href":"https:\/\/starserver2.com\/audioclinic\/wp-json\/wp\/v2\/posts\/100006121","targetHints":{"allow":["GET"]}}],"collection":[{"href":"https:\/\/starserver2.com\/audioclinic\/wp-json\/wp\/v2\/posts"}],"about":[{"href":"https:\/\/starserver2.com\/audioclinic\/wp-json\/wp\/v2\/types\/post"}],"author":[{"embeddable":true,"href":"https:\/\/starserver2.com\/audioclinic\/wp-json\/wp\/v2\/users\/4"}],"replies":[{"embeddable":true,"href":"https:\/\/starserver2.com\/audioclinic\/wp-json\/wp\/v2\/comments?post=100006121"}],"version-history":[{"count":1,"href":"https:\/\/starserver2.com\/audioclinic\/wp-json\/wp\/v2\/posts\/100006121\/revisions"}],"predecessor-version":[{"id":100006127,"href":"https:\/\/starserver2.com\/audioclinic\/wp-json\/wp\/v2\/posts\/100006121\/revisions\/100006127"}],"wp:featuredmedia":[{"embeddable":true,"href":"https:\/\/starserver2.com\/audioclinic\/wp-json\/wp\/v2\/media\/100006122"}],"wp:attachment":[{"href":"https:\/\/starserver2.com\/audioclinic\/wp-json\/wp\/v2\/media?parent=100006121"}],"wp:term":[{"taxonomy":"category","embeddable":true,"href":"https:\/\/starserver2.com\/audioclinic\/wp-json\/wp\/v2\/categories?post=100006121"},{"taxonomy":"post_tag","embeddable":true,"href":"https:\/\/starserver2.com\/audioclinic\/wp-json\/wp\/v2\/tags?post=100006121"}],"curies":[{"name":"wp","href":"https:\/\/api.w.org\/{rel}","templated":true}]}}