{"id":100005953,"date":"2024-03-11T10:16:30","date_gmt":"2024-03-11T16:16:30","guid":{"rendered":"https:\/\/audioclinic.com\/?p=100005404"},"modified":"2024-07-22T17:46:57","modified_gmt":"2024-07-22T23:46:57","slug":"por-que-una-audicion-saludable-es-crucial-para-combatir-la-demencia","status":"publish","type":"post","link":"https:\/\/starserver2.com\/audioclinic\/por-que-una-audicion-saludable-es-crucial-para-combatir-la-demencia\/","title":{"rendered":"Una audici\u00f3n saludable es crucial para combatir la demencia."},"content":{"rendered":"\n<p><strong>\u00bfSab\u00eda que m\u00e1s de un tercio de los casos de demencia pueden prevenirse o retrasarse?<\/strong>&nbsp;<\/p>\n\n\n\n<p>El riesgo de desarrollar demencia est\u00e1 influenciado por diversos factores de estilo de vida que pueden ser modificados para reducir o aumentar dicho riesgo. La buena noticia es que puede ejercitar su cerebro y realizar cambios en su estilo de vida para prevenir o al menos retrasar la demencia, y un punto crucial para comenzar es tratar la p\u00e9rdida auditiva.<\/p>\n\n\n\n<p>La p\u00e9rdida auditiva, especialmente en la mediana edad, se ha identificado como un factor de riesgo modificable para el desarrollo de demencia. Junto con otros factores como el tabaquismo, la depresi\u00f3n y la inactividad f\u00edsica, la p\u00e9rdida auditiva no tratada es considerada un factor de riesgo que se puede abordar preventivamente. En este art\u00edculo, exploraremos c\u00f3mo y por qu\u00e9 la p\u00e9rdida auditiva est\u00e1 directamente relacionada con la demencia.<\/p>\n\n\n\n<p><strong>Ejercitar el cerebro es tan vital como ejercitar el cuerpo<\/strong><\/p>\n\n\n\n<p>As\u00ed como necesita ejercitar los m\u00fasculos de sus piernas para caminar, tambi\u00e9n es fundamental ejercitar su cerebro para prevenir el deterioro mental. La salud mental est\u00e1 estrechamente vinculada a la audici\u00f3n, dando lugar al concepto de BrainHearing. Puede ejercitar su cerebro de varias maneras, como resolver rompecabezas y crucigramas, pero estas actividades pueden ser insuficientes si padece p\u00e9rdida auditiva sin tratar. La falta de estimulaci\u00f3n cerebral debido al aislamiento social asociado con la p\u00e9rdida auditiva puede acelerar el deterioro mental.<\/p>\n\n\n\n<p><strong>C\u00f3mo la p\u00e9rdida auditiva no tratada aumenta el riesgo de demencia<\/strong><\/p>\n\n\n\n<p>No tratar la p\u00e9rdida auditiva puede incrementar significativamente el riesgo de demencia. Algunas de las razones incluyen:<\/p>\n\n\n\n<p><strong>Aislamiento social:<\/strong> La p\u00e9rdida auditiva puede llevar al aislamiento social, que, a su vez, ha demostrado ser un factor de riesgo para la demencia debido a la falta de estimulaci\u00f3n cerebral a trav\u00e9s de las interacciones sociales.<\/p>\n\n\n\n<p><strong>Energ\u00eda y memoria:<\/strong> La p\u00e9rdida auditiva puede agotar la energ\u00eda necesaria para crear recuerdos y pensar, ya que el cerebro intenta compensar la informaci\u00f3n que falta de los sonidos.<\/p>\n\n\n\n<p><strong>Atrofia cerebral:<\/strong> La p\u00e9rdida auditiva no tratada puede acelerar la atrofia y reducci\u00f3n del cerebro.<\/p>\n\n\n\n<p><strong>El futuro de los auxiliares auditivos en el tratamiento de la demencia<\/strong><\/p>\n\n\n\n<p>Tratar la p\u00e9rdida auditiva puede ser m\u00e1s efectivo para reducir el riesgo de demencia que otros factores modificables, como dejar de fumar o hacer m\u00e1s ejercicio. La p\u00e9rdida auditiva es el principal factor de riesgo modificable asociado con la demencia. A medida que comprendamos mejor la relaci\u00f3n entre la p\u00e9rdida auditiva y la demencia, los auxiliares auditivos podr\u00edan desempe\u00f1ar un papel crucial en la reducci\u00f3n del riesgo asociado.<\/p>\n\n\n\n<p>Cuando el sonido entra en sus o\u00eddos, se transporta a su cerebro, donde se procesa de manera compleja. La tecnolog\u00eda BrainHearing\u2122 en auxiliares auditivos Oticon ayuda al cerebro a transformar el sonido en significado mientras conserva el sonido ambiente. Con esta tecnolog\u00eda, estamos avanzando hacia un futuro donde los auxiliares auditivos pueden formar parte de un tratamiento efectivo contra la demencia. <strong>\u00a1Cuide de su audici\u00f3n para proteger su salud cerebral!<\/strong><\/p>\n","protected":false},"excerpt":{"rendered":"<p>La p\u00e9rdida auditiva no tratada aumenta el riesgo de demencia. Saber c\u00f3mo actuar es importante para proteger su salud cerebral y prevenir problemas futuros.<\/p>\n","protected":false},"author":4,"featured_media":100005954,"comment_status":"closed","ping_status":"closed","sticky":false,"template":"","format":"standard","meta":{"om_disable_all_campaigns":false,"_monsterinsights_skip_tracking":false,"_monsterinsights_sitenote_active":false,"_monsterinsights_sitenote_note":"","_monsterinsights_sitenote_category":0,"_uf_show_specific_survey":0,"_uf_disable_surveys":false,"_joinchat":[],"footnotes":""},"categories":[18],"tags":[],"class_list":["post-100005953","post","type-post","status-publish","format-standard","has-post-thumbnail","hentry","category-salud","vs-blog blog-single"],"_links":{"self":[{"href":"https:\/\/starserver2.com\/audioclinic\/wp-json\/wp\/v2\/posts\/100005953","targetHints":{"allow":["GET"]}}],"collection":[{"href":"https:\/\/starserver2.com\/audioclinic\/wp-json\/wp\/v2\/posts"}],"about":[{"href":"https:\/\/starserver2.com\/audioclinic\/wp-json\/wp\/v2\/types\/post"}],"author":[{"embeddable":true,"href":"https:\/\/starserver2.com\/audioclinic\/wp-json\/wp\/v2\/users\/4"}],"replies":[{"embeddable":true,"href":"https:\/\/starserver2.com\/audioclinic\/wp-json\/wp\/v2\/comments?post=100005953"}],"version-history":[{"count":1,"href":"https:\/\/starserver2.com\/audioclinic\/wp-json\/wp\/v2\/posts\/100005953\/revisions"}],"predecessor-version":[{"id":100006156,"href":"https:\/\/starserver2.com\/audioclinic\/wp-json\/wp\/v2\/posts\/100005953\/revisions\/100006156"}],"wp:featuredmedia":[{"embeddable":true,"href":"https:\/\/starserver2.com\/audioclinic\/wp-json\/wp\/v2\/media\/100005954"}],"wp:attachment":[{"href":"https:\/\/starserver2.com\/audioclinic\/wp-json\/wp\/v2\/media?parent=100005953"}],"wp:term":[{"taxonomy":"category","embeddable":true,"href":"https:\/\/starserver2.com\/audioclinic\/wp-json\/wp\/v2\/categories?post=100005953"},{"taxonomy":"post_tag","embeddable":true,"href":"https:\/\/starserver2.com\/audioclinic\/wp-json\/wp\/v2\/tags?post=100005953"}],"curies":[{"name":"wp","href":"https:\/\/api.w.org\/{rel}","templated":true}]}}