{"id":100005417,"date":"2024-03-25T10:20:56","date_gmt":"2024-03-25T16:20:56","guid":{"rendered":"https:\/\/audioclinic.com\/?p=100005417"},"modified":"2024-07-22T17:32:26","modified_gmt":"2024-07-22T23:32:26","slug":"la-perdida-auditiva-en-adultos-mayores-y-su-vinculo-con-sindromes-geriatricos","status":"publish","type":"post","link":"https:\/\/starserver2.com\/audioclinic\/la-perdida-auditiva-en-adultos-mayores-y-su-vinculo-con-sindromes-geriatricos\/","title":{"rendered":"La P\u00e9rdida Auditiva en Adultos Mayores y su V\u00ednculo con S\u00edndromes Geri\u00e1tricos"},"content":{"rendered":"\n<p>Con el paso del tiempo, nuestras c\u00e9lulas envejecen y con ellas, algunas de nuestras capacidades se ven afectadas. Entre estas capacidades se encuentra la p\u00e9rdida auditiva, un factor que puede tener un impacto significativo en nuestra calidad de vida y acelerar el deterioro cognitivo.<\/p>\n\n\n\n<p>La preocupaci\u00f3n por la p\u00e9rdida auditiva se intensifica especialmente despu\u00e9s de los 65 a\u00f1os, una etapa en la vida en la que los adultos mayores enfrentan diversos s\u00edndromes geri\u00e1tricos que pueden estar estrechamente relacionados con su salud auditiva. \u00bfPero cu\u00e1les son estos s\u00edndromes y c\u00f3mo afectan a la audici\u00f3n?<\/p>\n\n\n\n<div class=\"wp-block-uagb-image uagb-block-8aa97cd0 wp-block-uagb-image--layout-default wp-block-uagb-image--effect-static wp-block-uagb-image--align-none\"><figure class=\"wp-block-uagb-image__figure\"><img loading=\"lazy\" decoding=\"async\" srcset=\"https:\/\/starserver2.com\/audioclinic\/wp-content\/uploads\/4-1024x576.jpg ,https:\/\/starserver2.com\/audioclinic\/wp-content\/uploads\/4.jpg 780w, https:\/\/starserver2.com\/audioclinic\/wp-content\/uploads\/4.jpg 360w\" sizes=\"auto, (max-width: 480px) 150px\" src=\"https:\/\/starserver2.com\/audioclinic\/wp-content\/uploads\/4-1024x576.jpg\" alt=\"\" class=\"uag-image-100005419\" width=\"1920\" height=\"1080\" title=\"4\" loading=\"lazy\"><\/figure><\/div>\n\n\n\n<ol class=\"wp-block-list\">\n<li><strong>S\u00edndrome de Presbiacusia<\/strong><\/li>\n<\/ol>\n\n\n\n<p>Este s\u00edndrome, asociado con la edad, afecta a la mayor\u00eda de las personas mayores. Se trata de una p\u00e9rdida auditiva gradual que impacta en la comunicaci\u00f3n y la participaci\u00f3n social de quienes la experimentan. Seg\u00fan estad\u00edsticas recientes, casi el 100% de la poblaci\u00f3n mayor de 80 a\u00f1os sufre de presbiacusia, con una menor prevalencia en adultos de 70 y 60 a\u00f1os.<\/p>\n\n\n\n<ol class=\"wp-block-list\" start=\"2\">\n<li><strong>S\u00edndrome de Meni\u00e8re<\/strong><\/li>\n<\/ol>\n\n\n\n<p>Este s\u00edndrome presenta desaf\u00edos significativos para quienes lo padecen, ya que sus s\u00edntomas pueden afectar considerablemente la calidad de vida. Caracterizado por v\u00e9rtigos, p\u00e9rdida auditiva fluctuante, sensaci\u00f3n de o\u00eddo fatigado y tinnitus (zumbido en los o\u00eddos), el S\u00edndrome de Meni\u00e8re puede tener un impacto profundo en la vida diaria de los adultos mayores.<\/p>\n\n\n\n<ol class=\"wp-block-list\" start=\"3\">\n<li><strong>S\u00edndrome de la Fatiga Auditiva<\/strong><\/li>\n<\/ol>\n\n\n\n<p>Este s\u00edndrome es com\u00fan en el proceso de envejecimiento y puede acelerar el ritmo de la fatiga en las personas mayores. La dificultad para seguir conversaciones y comprenderlas con normalidad puede llevar a la fatiga auditiva, lo que a su vez afecta las habilidades de comunicaci\u00f3n y las interacciones sociales.<\/p>\n\n\n\n<ol class=\"wp-block-list\" start=\"4\">\n<li><strong>S\u00edndrome de la Oreja de Nadador<\/strong><\/li>\n<\/ol>\n\n\n\n<p>Esta infecci\u00f3n del conducto auditivo externo puede causar dolor y p\u00e9rdida auditiva en los adultos mayores. La prevenci\u00f3n es clave, con el cuidado adecuado de los o\u00eddos y la evitaci\u00f3n de introducir objetos extra\u00f1os en ellos.<\/p>\n\n\n\n<ol class=\"wp-block-list\" start=\"5\">\n<li><strong>S\u00edndrome de la Presi\u00f3n Ac\u00fastica<\/strong><\/li>\n<\/ol>\n\n\n\n<p>Este s\u00edndrome se desarrolla a partir de la exposici\u00f3n prolongada a niveles altos de ruido a lo largo de la vida. Profesiones como la miner\u00eda o la construcci\u00f3n pueden aumentar el riesgo de desarrollar este s\u00edndrome en la vejez.<\/p>\n\n\n\n<p>Estos son solo algunos de los s\u00edndromes geri\u00e1tricos que est\u00e1n relacionados con la audici\u00f3n. Sin embargo, tambi\u00e9n es importante considerar otros factores como la soledad y el aislamiento social en el bienestar auditivo de los adultos mayores. Una atenci\u00f3n integral a la salud auditiva puede marcar la diferencia en su calidad de vida.<\/p>\n\n\n\n<figure class=\"wp-block-image size-large\"><img decoding=\"async\" src=\"https:\/\/starserver2.com\/audioclinic\/wp-content\/uploads\/5-1024x576.jpg\" alt=\"\" class=\"wp-image-100005420\" title=\"\"><\/figure>\n","protected":false},"excerpt":{"rendered":"<p>Nuestra calidad auditiva puede afectarse con el envejecimiento. Descubra c\u00f3mo los s\u00edndromes geri\u00e1tricos impactan nuestra audici\u00f3n despu\u00e9s de los 65 a\u00f1os.<\/p>\n","protected":false},"author":4,"featured_media":100005956,"comment_status":"closed","ping_status":"closed","sticky":false,"template":"","format":"standard","meta":{"om_disable_all_campaigns":false,"_monsterinsights_skip_tracking":false,"_monsterinsights_sitenote_active":false,"_monsterinsights_sitenote_note":"","_monsterinsights_sitenote_category":0,"_uf_show_specific_survey":0,"_uf_disable_surveys":false,"_joinchat":[],"footnotes":""},"categories":[18],"tags":[],"class_list":["post-100005417","post","type-post","status-publish","format-standard","has-post-thumbnail","hentry","category-salud","vs-blog blog-single"],"_links":{"self":[{"href":"https:\/\/starserver2.com\/audioclinic\/wp-json\/wp\/v2\/posts\/100005417","targetHints":{"allow":["GET"]}}],"collection":[{"href":"https:\/\/starserver2.com\/audioclinic\/wp-json\/wp\/v2\/posts"}],"about":[{"href":"https:\/\/starserver2.com\/audioclinic\/wp-json\/wp\/v2\/types\/post"}],"author":[{"embeddable":true,"href":"https:\/\/starserver2.com\/audioclinic\/wp-json\/wp\/v2\/users\/4"}],"replies":[{"embeddable":true,"href":"https:\/\/starserver2.com\/audioclinic\/wp-json\/wp\/v2\/comments?post=100005417"}],"version-history":[{"count":1,"href":"https:\/\/starserver2.com\/audioclinic\/wp-json\/wp\/v2\/posts\/100005417\/revisions"}],"predecessor-version":[{"id":100006159,"href":"https:\/\/starserver2.com\/audioclinic\/wp-json\/wp\/v2\/posts\/100005417\/revisions\/100006159"}],"wp:featuredmedia":[{"embeddable":true,"href":"https:\/\/starserver2.com\/audioclinic\/wp-json\/wp\/v2\/media\/100005956"}],"wp:attachment":[{"href":"https:\/\/starserver2.com\/audioclinic\/wp-json\/wp\/v2\/media?parent=100005417"}],"wp:term":[{"taxonomy":"category","embeddable":true,"href":"https:\/\/starserver2.com\/audioclinic\/wp-json\/wp\/v2\/categories?post=100005417"},{"taxonomy":"post_tag","embeddable":true,"href":"https:\/\/starserver2.com\/audioclinic\/wp-json\/wp\/v2\/tags?post=100005417"}],"curies":[{"name":"wp","href":"https:\/\/api.w.org\/{rel}","templated":true}]}}