{"id":100005197,"date":"2024-01-15T10:22:36","date_gmt":"2024-01-15T16:22:36","guid":{"rendered":"https:\/\/audioclinic.com\/?p=100005197"},"modified":"2024-07-26T11:07:13","modified_gmt":"2024-07-26T17:07:13","slug":"descubriendo-los-vinculos-entre-la-enfermedad-y-la-audicion","status":"publish","type":"post","link":"https:\/\/starserver2.com\/audioclinic\/descubriendo-los-vinculos-entre-la-enfermedad-y-la-audicion\/","title":{"rendered":"Descubriendo los V\u00ednculos Entre la Enfermedad y la Audici\u00f3n."},"content":{"rendered":"\n<p>La gripe es conocida por traer consigo una serie de s\u00edntomas molestos, desde tos y congesti\u00f3n hasta fiebre y p\u00e9rdida del sentido del olfato y el gusto. Pero, \u00bfes posible que la gripe tambi\u00e9n afecte la audici\u00f3n? La respuesta es s\u00ed; la gripe puede tener repercusiones en la capacidad auditiva, tanto de manera temporal como permanente.<\/p>\n\n\n\n<p><strong>P\u00e9rdida Auditiva Temporal:<\/strong><\/p>\n\n\n\n<p>La p\u00e9rdida auditiva temporal asociada a la gripe a menudo se debe a la acumulaci\u00f3n de fluido en el o\u00eddo medio. Durante un resfriado, el tubo de Eustaquio, que conecta los o\u00eddos con la cavidad nasal, puede obstruirse, impidiendo que el sonido llegue al t\u00edmpano. Esta condici\u00f3n se conoce como p\u00e9rdida auditiva conductiva, similar a la que se experimenta durante un vuelo en avi\u00f3n. Afortunadamente, esta p\u00e9rdida auditiva suele ser reversible, desapareciendo cuando se reduce la acumulaci\u00f3n de fluido.<\/p>\n\n\n\n<figure class=\"wp-block-image size-large\"><img decoding=\"async\" src=\"https:\/\/starserver2.com\/audioclinic\/wp-content\/uploads\/2024\/01\/1-1024x576.png\" alt=\"\" class=\"wp-image-100005199\" title=\"\"><\/figure>\n\n\n\n<p><strong>P\u00e9rdida Auditiva Permanente:<\/strong><\/p>\n\n\n\n<p>Si el resfriado evoluciona hacia una infecci\u00f3n del o\u00eddo, es probable que tambi\u00e9n experimente problemas auditivos, con sonidos que parecen estar amortiguados. Aunque las infecciones del o\u00eddo suelen ser tratables, es crucial consultar a un m\u00e9dico si se sospecha de una infecci\u00f3n. La mayor\u00eda de las infecciones no causan complicaciones a largo plazo, pero en casos de infecciones recurrentes, puede surgir una p\u00e9rdida auditiva leve.<\/p>\n\n\n\n<figure class=\"wp-block-image size-large\"><img decoding=\"async\" src=\"https:\/\/starserver2.com\/audioclinic\/wp-content\/uploads\/2024\/01\/2-1024x576.png\" alt=\"\" class=\"wp-image-100005200\" title=\"\"><\/figure>\n\n\n\n<p>Las personas que enfrentan problemas auditivos cr\u00f3nicos deben buscar la asesor\u00eda de un especialista en o\u00eddo, nariz y garganta. Este profesional puede ofrecer una evaluaci\u00f3n m\u00e1s detallada y personalizada, as\u00ed como un plan de tratamiento adaptado a las necesidades espec\u00edficas del paciente.<\/p>\n\n\n\n<p>En resumen, mientras que la gripe puede afectar temporal o incluso permanentemente la audici\u00f3n, es esencial abordar cualquier s\u00edntoma relacionado con el o\u00eddo de manera oportuna, consultando a un profesional de la salud para recibir el tratamiento adecuado y garantizar una recuperaci\u00f3n completa.<\/p>\n","protected":false},"excerpt":{"rendered":"<p>Descubriendo los V\u00ednculos Entre la Enfermedad y la Audici\u00f3n. La gripe puede causar p\u00e9rdida auditiva temporal por fluido en el o\u00eddo medio o p\u00e9rdida auditiva permanente.<\/p>\n","protected":false},"author":4,"featured_media":100005392,"comment_status":"closed","ping_status":"closed","sticky":false,"template":"","format":"standard","meta":{"om_disable_all_campaigns":false,"_monsterinsights_skip_tracking":false,"_monsterinsights_sitenote_active":false,"_monsterinsights_sitenote_note":"","_monsterinsights_sitenote_category":0,"_uf_show_specific_survey":0,"_uf_disable_surveys":false,"_joinchat":[],"footnotes":""},"categories":[20],"tags":[],"class_list":["post-100005197","post","type-post","status-publish","format-standard","has-post-thumbnail","hentry","category-audioclinic","vs-blog blog-single"],"_links":{"self":[{"href":"https:\/\/starserver2.com\/audioclinic\/wp-json\/wp\/v2\/posts\/100005197","targetHints":{"allow":["GET"]}}],"collection":[{"href":"https:\/\/starserver2.com\/audioclinic\/wp-json\/wp\/v2\/posts"}],"about":[{"href":"https:\/\/starserver2.com\/audioclinic\/wp-json\/wp\/v2\/types\/post"}],"author":[{"embeddable":true,"href":"https:\/\/starserver2.com\/audioclinic\/wp-json\/wp\/v2\/users\/4"}],"replies":[{"embeddable":true,"href":"https:\/\/starserver2.com\/audioclinic\/wp-json\/wp\/v2\/comments?post=100005197"}],"version-history":[{"count":2,"href":"https:\/\/starserver2.com\/audioclinic\/wp-json\/wp\/v2\/posts\/100005197\/revisions"}],"predecessor-version":[{"id":100006483,"href":"https:\/\/starserver2.com\/audioclinic\/wp-json\/wp\/v2\/posts\/100005197\/revisions\/100006483"}],"wp:featuredmedia":[{"embeddable":true,"href":"https:\/\/starserver2.com\/audioclinic\/wp-json\/wp\/v2\/media\/100005392"}],"wp:attachment":[{"href":"https:\/\/starserver2.com\/audioclinic\/wp-json\/wp\/v2\/media?parent=100005197"}],"wp:term":[{"taxonomy":"category","embeddable":true,"href":"https:\/\/starserver2.com\/audioclinic\/wp-json\/wp\/v2\/categories?post=100005197"},{"taxonomy":"post_tag","embeddable":true,"href":"https:\/\/starserver2.com\/audioclinic\/wp-json\/wp\/v2\/tags?post=100005197"}],"curies":[{"name":"wp","href":"https:\/\/api.w.org\/{rel}","templated":true}]}}