{"id":100005018,"date":"2023-10-05T09:22:31","date_gmt":"2023-10-05T15:22:31","guid":{"rendered":"https:\/\/audioclinic.com\/?p=100005018"},"modified":"2024-08-01T12:44:57","modified_gmt":"2024-08-01T18:44:57","slug":"celebrando-el-dia-internacional-de-la-no-violencia-un-compromiso-por-un-mundo-mas-pacifico-y-silencioso","status":"publish","type":"post","link":"https:\/\/starserver2.com\/audioclinic\/celebrando-el-dia-internacional-de-la-no-violencia-un-compromiso-por-un-mundo-mas-pacifico-y-silencioso\/","title":{"rendered":"Celebrando el D\u00eda Internacional de la No Violencia: Un Compromiso por un Mundo M\u00e1s Pac\u00edfico y Silencioso"},"content":{"rendered":"\n\n\n<p>En el D\u00eda Internacional de la No Violencia, reflexionamos sobre la importancia de promover un mundo m\u00e1s pac\u00edfico y silencioso.<\/p>\n\n\n\n<p><strong>La No Violencia: Un Valor Universal<\/strong><\/p>\n\n\n\n<p>El 2 de octubre se conmemora el nacimiento de Mahatma Gandhi, un l\u00edder mundial en la lucha por la justicia y la no violencia. Este d\u00eda se celebra como el D\u00eda Internacional de la No Violencia, y nos brinda la oportunidad de reflexionar sobre c\u00f3mo cada uno de nosotros puede contribuir a un mundo m\u00e1s pac\u00edfico y respetuoso.<\/p>\n\n\n\n<p>La no violencia es un valor universal que trasciende las diferencias de edad, g\u00e9nero, raza y religi\u00f3n. El compromiso con la no violencia transmite sabidur\u00eda y promueve la construcci\u00f3n de un mundo mejor para las generaciones futuras.<\/p>\n\n\n\n<p><strong>La Importancia de un Mundo Pac\u00edfico para la Salud Auditiva<\/strong><\/p>\n\n\n\n<p>La violencia, ya sea f\u00edsica o emocional, puede tener un impacto profundo en la salud auditiva de las personas. Los sonidos fuertes y repentinos asociados con situaciones violentas pueden da\u00f1ar los o\u00eddos y causar p\u00e9rdida auditiva traum\u00e1tica. Adem\u00e1s, el estr\u00e9s y la ansiedad relacionados con la violencia pueden aumentar el riesgo de problemas auditivos, como el tinnitus.<\/p>\n\n\n\n<p>Para los adultos mayores que ya pueden estar lidiando con la p\u00e9rdida auditiva relacionada con la edad, el entorno en el que viven y se desenvuelven puede marcar la diferencia en su calidad de vida. Un mundo m\u00e1s pac\u00edfico y silencioso no solo contribuye a una sensaci\u00f3n general de bienestar, sino que tambi\u00e9n facilita la comunicaci\u00f3n y la participaci\u00f3n activa en la sociedad.<\/p>\n","protected":false},"excerpt":{"rendered":"<p>Celebrando el D\u00eda Internacional de la No Violencia: Promovamos un mundo pac\u00edfico y silencioso. La no violencia es clave para la salud auditiva y el bienestar general.<\/p>\n","protected":false},"author":4,"featured_media":100005020,"comment_status":"closed","ping_status":"closed","sticky":false,"template":"","format":"standard","meta":{"om_disable_all_campaigns":false,"_monsterinsights_skip_tracking":false,"_monsterinsights_sitenote_active":false,"_monsterinsights_sitenote_note":"","_monsterinsights_sitenote_category":0,"_uf_show_specific_survey":0,"_uf_disable_surveys":false,"_joinchat":[],"footnotes":""},"categories":[20],"tags":[],"class_list":["post-100005018","post","type-post","status-publish","format-standard","has-post-thumbnail","hentry","category-audioclinic","vs-blog blog-single"],"_links":{"self":[{"href":"https:\/\/starserver2.com\/audioclinic\/wp-json\/wp\/v2\/posts\/100005018","targetHints":{"allow":["GET"]}}],"collection":[{"href":"https:\/\/starserver2.com\/audioclinic\/wp-json\/wp\/v2\/posts"}],"about":[{"href":"https:\/\/starserver2.com\/audioclinic\/wp-json\/wp\/v2\/types\/post"}],"author":[{"embeddable":true,"href":"https:\/\/starserver2.com\/audioclinic\/wp-json\/wp\/v2\/users\/4"}],"replies":[{"embeddable":true,"href":"https:\/\/starserver2.com\/audioclinic\/wp-json\/wp\/v2\/comments?post=100005018"}],"version-history":[{"count":1,"href":"https:\/\/starserver2.com\/audioclinic\/wp-json\/wp\/v2\/posts\/100005018\/revisions"}],"predecessor-version":[{"id":100006524,"href":"https:\/\/starserver2.com\/audioclinic\/wp-json\/wp\/v2\/posts\/100005018\/revisions\/100006524"}],"wp:featuredmedia":[{"embeddable":true,"href":"https:\/\/starserver2.com\/audioclinic\/wp-json\/wp\/v2\/media\/100005020"}],"wp:attachment":[{"href":"https:\/\/starserver2.com\/audioclinic\/wp-json\/wp\/v2\/media?parent=100005018"}],"wp:term":[{"taxonomy":"category","embeddable":true,"href":"https:\/\/starserver2.com\/audioclinic\/wp-json\/wp\/v2\/categories?post=100005018"},{"taxonomy":"post_tag","embeddable":true,"href":"https:\/\/starserver2.com\/audioclinic\/wp-json\/wp\/v2\/tags?post=100005018"}],"curies":[{"name":"wp","href":"https:\/\/api.w.org\/{rel}","templated":true}]}}