{"id":100004982,"date":"2023-08-14T11:16:27","date_gmt":"2023-08-14T17:16:27","guid":{"rendered":"https:\/\/audioclinic.com\/?p=100004982"},"modified":"2024-08-05T14:22:42","modified_gmt":"2024-08-05T20:22:42","slug":"que-es-el-acufeno","status":"publish","type":"post","link":"https:\/\/starserver2.com\/audioclinic\/que-es-el-acufeno\/","title":{"rendered":"\u00bfQu\u00e9 es el Ac\u00fafeno?"},"content":{"rendered":"\n<p>El ac\u00fafeno (<em>tinnitus <\/em>o zumbido en los o\u00eddos) es un s\u00edntoma caracterizado por la percepci\u00f3n del sonido en ausencia de un est\u00edmulo externo. Si es persistente e intolerable o suficientemente molesto, el ac\u00fafeno puede causar un deterioro funcional en los procesos del pensamiento, las emociones, la audici\u00f3n, el sue\u00f1o y la concentraci\u00f3n, todo lo cual puede afectar la calidad de vida. El ac\u00fafeno es un problema com\u00fan para millones de personas.<\/p>\n\n\n\n<p>De acuerdo con un estudio realizado en el 2016 adem\u00e1s, el ac\u00fafeno llega a ser m\u00e1s prevalente en hombres (10.5%) que en mujeres (8.8%), los hombres tienen m\u00e1s probabilidad de hablar sobre el ac\u00fafeno con su m\u00e9dico que las mujeres. Entre todos los encuestados, el 25% mencion\u00f3 antecedentes de exposici\u00f3n regular a ruidos fuertes en el trabajo, los que ten\u00edan antecedentes de exposici\u00f3n regular al ruido en el trabajo ten\u00edan una prevalencia de ac\u00fafeno del 19.2 % en comparaci\u00f3n con el 6.8 % de los que no lo ten\u00edan.<\/p>\n\n\n\n<p>Las personas con p\u00e9rdida auditiva tienen un mayor riesgo de ac\u00fafeno, y el aumento asociado del riesgo depende de la gravedad de la p\u00e9rdida auditiva. Adem\u00e1s, el riesgo de ac\u00fafeno es elevado en personas con antecedentes de lesiones en la cabeza, s\u00edntomas depresivos, artritis, uso de medicamentos antiinflamatorios no esteroideos como el ibuprofeno o naproxeno.<\/p>\n\n\n\n<p>La Academia Estadounidense de Otorrinolaringolog\u00eda\u2013Fundaci\u00f3n de Cirug\u00eda de Cabeza y Cuello (AAO-HNSF) recomienda la evaluaci\u00f3n de un auxiliar auditivo para pacientes con p\u00e9rdida auditiva y ac\u00fafeno. Los pacientes con ac\u00fafeno deben recibir una valoraci\u00f3n audiol\u00f3gica completa para encontrar las posibles causas y recibir el tratamiento adecuado e individualizado.&nbsp;<\/p>\n\n\n\n<p>Bibliograf\u00eda: <em>JAMA Otolaryngol Head Neck Surg.&nbsp;<\/em>2016;142(10):959-965. doi:10.1001\/jamaoto.2016.1700<\/p>\n","protected":false},"excerpt":{"rendered":"<p>\u00bfQu\u00e9 es el Ac\u00fafeno? Es la percepci\u00f3n de zumbidos sin est\u00edmulo externo. Puede afectar funciones como el sue\u00f1o y la concentraci\u00f3n. Evaluaci\u00f3n audiol\u00f3gica recomendada.<\/p>\n","protected":false},"author":4,"featured_media":100004928,"comment_status":"closed","ping_status":"closed","sticky":false,"template":"","format":"standard","meta":{"om_disable_all_campaigns":false,"_monsterinsights_skip_tracking":false,"_monsterinsights_sitenote_active":false,"_monsterinsights_sitenote_note":"","_monsterinsights_sitenote_category":0,"_uf_show_specific_survey":0,"_uf_disable_surveys":false,"_joinchat":[],"footnotes":""},"categories":[20],"tags":[],"class_list":["post-100004982","post","type-post","status-publish","format-standard","has-post-thumbnail","hentry","category-audioclinic","vs-blog blog-single"],"_links":{"self":[{"href":"https:\/\/starserver2.com\/audioclinic\/wp-json\/wp\/v2\/posts\/100004982","targetHints":{"allow":["GET"]}}],"collection":[{"href":"https:\/\/starserver2.com\/audioclinic\/wp-json\/wp\/v2\/posts"}],"about":[{"href":"https:\/\/starserver2.com\/audioclinic\/wp-json\/wp\/v2\/types\/post"}],"author":[{"embeddable":true,"href":"https:\/\/starserver2.com\/audioclinic\/wp-json\/wp\/v2\/users\/4"}],"replies":[{"embeddable":true,"href":"https:\/\/starserver2.com\/audioclinic\/wp-json\/wp\/v2\/comments?post=100004982"}],"version-history":[{"count":1,"href":"https:\/\/starserver2.com\/audioclinic\/wp-json\/wp\/v2\/posts\/100004982\/revisions"}],"predecessor-version":[{"id":100006542,"href":"https:\/\/starserver2.com\/audioclinic\/wp-json\/wp\/v2\/posts\/100004982\/revisions\/100006542"}],"wp:featuredmedia":[{"embeddable":true,"href":"https:\/\/starserver2.com\/audioclinic\/wp-json\/wp\/v2\/media\/100004928"}],"wp:attachment":[{"href":"https:\/\/starserver2.com\/audioclinic\/wp-json\/wp\/v2\/media?parent=100004982"}],"wp:term":[{"taxonomy":"category","embeddable":true,"href":"https:\/\/starserver2.com\/audioclinic\/wp-json\/wp\/v2\/categories?post=100004982"},{"taxonomy":"post_tag","embeddable":true,"href":"https:\/\/starserver2.com\/audioclinic\/wp-json\/wp\/v2\/tags?post=100004982"}],"curies":[{"name":"wp","href":"https:\/\/api.w.org\/{rel}","templated":true}]}}