{"id":100003524,"date":"2022-09-20T15:30:54","date_gmt":"2022-09-20T20:30:54","guid":{"rendered":"https:\/\/audioclinic.com\/?p=100003524"},"modified":"2024-08-09T15:58:05","modified_gmt":"2024-08-09T21:58:05","slug":"pide-ayuda-a-un-audioprotesista","status":"publish","type":"post","link":"https:\/\/starserver2.com\/audioclinic\/pide-ayuda-a-un-audioprotesista\/","title":{"rendered":"Pide ayuda a un audioprotesista"},"content":{"rendered":"\n<p style=\"font-size:18px\">El audioprotesista, llamado a veces audi\u00f3logo, est\u00e1 especializado en identificar, diagnosticar, tratar y monitorizar los trastornos de la audici\u00f3n. Su principal objetivo es que tengas la mejor audici\u00f3n posible de modo que la p\u00e9rdida auditiva interfiera lo menos posible en tu vida.<\/p>\n\n\n\n<h3 class=\"wp-block-heading alignwide has-ast-global-color-0-color has-text-color has-medium-font-size\"><strong>\u00bfC\u00f3mo hacerse una prueba de audici\u00f3n?<\/strong><\/h3>\n\n\n\n<p style=\"font-size:18px\"><a href=\"https:\/\/starserver2.com\/audioclinic\/\" data-type=\"URL\" data-id=\"https:\/\/starserver2.com\/audioclinic\/\" target=\"_blank\" rel=\"noreferrer noopener\">Visita nuestras cl\u00ednicas<\/a> para hacerte una prueba de audici\u00f3n completa. Esta prueba puede determinar el grado y el tipo de la p\u00e9rdida auditiva. No dura mucho tiempo y es completamente indolora. En menos de una hora tendr\u00e1s los resultados de la prueba y un resumen de las opciones disponibles. <\/p>\n\n\n\n<h3 class=\"wp-block-heading alignwide has-ast-global-color-0-color has-text-color has-medium-font-size\"><strong>Prep\u00e1rate para la visita<\/strong><\/h3>\n\n\n\n<p style=\"font-size:18px\">Hemos elaborado una lista con los s\u00edntomas m\u00e1s frecuentes de la p\u00e9rdida auditiva. Apunta los que sean ciertos en tu caso y comenta sobre c\u00f3mo te afectan. Apunta tambi\u00e9n las preocupaciones que puedes tener en relaci\u00f3n con tu p\u00e9rdida auditiva o tus aud\u00edfonos para comentarlas con tu audioprotesista.<\/p>\n\n\n\n<p class=\"has-medium-font-size\"><strong>1.&nbsp;<\/strong>\u00bfPiensa que las personas de su entorno murmuran o hablan muy bajo?<\/p>\n\n\n\n<p class=\"has-medium-font-size\"><strong>2.&nbsp;<\/strong>\u00bfLe resulta dif\u00edcil mantener conversaciones en restaurantes o lugares con mucha gente?&nbsp;<\/p>\n\n\n\n<p class=\"has-medium-font-size\"><strong>3.&nbsp;<\/strong>\u00bfTiene que subir el volumen de la televisi\u00f3n, de la radio o del tel\u00e9fono?&nbsp;<\/p>\n\n\n\n<p class=\"has-medium-font-size\"><strong>4.&nbsp;<\/strong>\u00bfSe quejan sus amigos y familiares de que tienen que repetir todo lo que le dicen?&nbsp;<\/p>\n\n\n\n<p class=\"has-medium-font-size\"><strong>5.&nbsp;<\/strong>\u00bfTiene que mirar a la gente a la cara para entender lo que le dicen?&nbsp;<\/p>\n\n\n\n<p class=\"has-medium-font-size\"><strong>6.&nbsp;<\/strong>\u00bfHan desaparecido algunos sonidos cotidianos como el piar de los p\u00e1jaros, los pasos o el tictac del reloj?<\/p>\n\n\n\n<h3 class=\"wp-block-heading alignwide has-ast-global-color-0-color has-text-color has-medium-font-size\"><strong>\u00bfTe preocupa la idea de usar aud\u00edfonos?<\/strong><\/h3>\n\n\n\n<p style=\"font-size:18px\"><strong>Soy muy joven para empezar a usar aud\u00edfonos<\/strong><br>Uno de cada seis adultos tiene cierto grado de p\u00e9rdida auditiva. Los estilos de vida actuales hacen que los problemas se manifiesten antes. Como la p\u00e9rdida auditiva es gradual, es posible que no la notes tanto como tus seres queridos.<\/p>\n\n\n\n<p style=\"font-size:18px\"><strong>Estoy en la cima de mi carrera<\/strong><br>Con una p\u00e9rdida auditiva, el cerebro tiene que esforzarse m\u00e1s para diferenciar los sonidos importantes del ruido de fondo. Algo tan cotidiano como una reuni\u00f3n se vuelve m\u00e1s dif\u00edcil y agotador. Los aud\u00edfonos te permitir\u00e1n comprender los sonidos y palabras para que puedas concentrarte en la conversaci\u00f3n.<\/p>\n\n\n\n<p style=\"font-size:18px\"><strong>No quiero que parezca que tengo un problema auditivo<\/strong><br>Los aud\u00edfonos de hoy en d\u00eda son elegantes, modernos y, sobre todo, casi invisibles. Nadie tiene que saber que los llevas y no tardar\u00e1s en olvidarte de ellos.&nbsp;<\/p>\n\n\n\n<p style=\"font-size:18px\"><strong>Me las arreglo con mi p\u00e9rdida auditiva. \u00bfPor qu\u00e9 voy a molestarme?<\/strong><br>La p\u00e9rdida auditiva puede tener un efecto negativo en tu relaci\u00f3n con los dem\u00e1s. Los aud\u00edfonos no solo mejoran su calidad de vida sino tambi\u00e9n la de las personas de tu entorno.&nbsp;<\/p>\n","protected":false},"excerpt":{"rendered":"<p>Pide ayuda a un audioprotesista para obtener la mejor audici\u00f3n posible y mejorar tu calidad de vida. No dejes que la p\u00e9rdida auditiva interfiera m\u00e1s.<\/p>\n","protected":false},"author":4,"featured_media":100004561,"comment_status":"closed","ping_status":"closed","sticky":false,"template":"","format":"standard","meta":{"om_disable_all_campaigns":false,"_monsterinsights_skip_tracking":false,"_monsterinsights_sitenote_active":false,"_monsterinsights_sitenote_note":"","_monsterinsights_sitenote_category":0,"_uf_show_specific_survey":0,"_uf_disable_surveys":false,"_joinchat":[],"footnotes":""},"categories":[20],"tags":[],"class_list":["post-100003524","post","type-post","status-publish","format-standard","has-post-thumbnail","hentry","category-audioclinic","vs-blog blog-single"],"_links":{"self":[{"href":"https:\/\/starserver2.com\/audioclinic\/wp-json\/wp\/v2\/posts\/100003524","targetHints":{"allow":["GET"]}}],"collection":[{"href":"https:\/\/starserver2.com\/audioclinic\/wp-json\/wp\/v2\/posts"}],"about":[{"href":"https:\/\/starserver2.com\/audioclinic\/wp-json\/wp\/v2\/types\/post"}],"author":[{"embeddable":true,"href":"https:\/\/starserver2.com\/audioclinic\/wp-json\/wp\/v2\/users\/4"}],"replies":[{"embeddable":true,"href":"https:\/\/starserver2.com\/audioclinic\/wp-json\/wp\/v2\/comments?post=100003524"}],"version-history":[{"count":1,"href":"https:\/\/starserver2.com\/audioclinic\/wp-json\/wp\/v2\/posts\/100003524\/revisions"}],"predecessor-version":[{"id":100006568,"href":"https:\/\/starserver2.com\/audioclinic\/wp-json\/wp\/v2\/posts\/100003524\/revisions\/100006568"}],"wp:featuredmedia":[{"embeddable":true,"href":"https:\/\/starserver2.com\/audioclinic\/wp-json\/wp\/v2\/media\/100004561"}],"wp:attachment":[{"href":"https:\/\/starserver2.com\/audioclinic\/wp-json\/wp\/v2\/media?parent=100003524"}],"wp:term":[{"taxonomy":"category","embeddable":true,"href":"https:\/\/starserver2.com\/audioclinic\/wp-json\/wp\/v2\/categories?post=100003524"},{"taxonomy":"post_tag","embeddable":true,"href":"https:\/\/starserver2.com\/audioclinic\/wp-json\/wp\/v2\/tags?post=100003524"}],"curies":[{"name":"wp","href":"https:\/\/api.w.org\/{rel}","templated":true}]}}